{"id":44277,"date":"2025-11-01T09:57:11","date_gmt":"2025-11-01T12:57:11","guid":{"rendered":"https:\/\/radiostudiow.com.br\/site\/?p=44277"},"modified":"2025-11-01T09:57:12","modified_gmt":"2025-11-01T12:57:12","slug":"policia-prende-tres-pessoas-por-atraso-em-pensao-na-regiao-de-uniao-da-vitoria","status":"publish","type":"post","link":"https:\/\/radiostudiow.com.br\/site\/2025\/11\/01\/policia-prende-tres-pessoas-por-atraso-em-pensao-na-regiao-de-uniao-da-vitoria\/","title":{"rendered":"Pol\u00edcia prende tr\u00eas pessoas por atraso em pens\u00e3o na regi\u00e3o de Uni\u00e3o da Vit\u00f3ria"},"content":{"rendered":"\n<figure class=\"wp-block-image size-full\"><img loading=\"lazy\" decoding=\"async\" width=\"897\" height=\"204\" src=\"https:\/\/radiostudiow.com.br\/site\/wp-content\/uploads\/2025\/03\/BARAO-NOVO-NOTICIAS-1.jpg\" alt=\"\" class=\"wp-image-35084\" srcset=\"https:\/\/radiostudiow.com.br\/site\/wp-content\/uploads\/2025\/03\/BARAO-NOVO-NOTICIAS-1.jpg 897w, https:\/\/radiostudiow.com.br\/site\/wp-content\/uploads\/2025\/03\/BARAO-NOVO-NOTICIAS-1-300x68.jpg 300w, https:\/\/radiostudiow.com.br\/site\/wp-content\/uploads\/2025\/03\/BARAO-NOVO-NOTICIAS-1-768x175.jpg 768w\" sizes=\"auto, (max-width: 897px) 100vw, 897px\" \/><\/figure>\n\n\n\n<p class=\"has-text-align-center\"><em>Da reda\u00e7\u00e3o Portal V.Vale<\/em><\/p>\n\n\n\n<p>A equipe da Pol\u00edcia Civil do Paran\u00e1, por meio da 4\u00aa Subdivis\u00e3o Policial (4\u00aa SDP) de Uni\u00e3o da Vit\u00f3ria, realizou, nas \u00faltimas duas semanas, uma opera\u00e7\u00e3o direcionada ao cumprimento de mandados de pris\u00e3o civil por atraso no pagamento de pens\u00e3o aliment\u00edcia.<\/p>\n\n\n\n<p>Ao todo, tr\u00eas pessoas foram detidas, refor\u00e7ando a atua\u00e7\u00e3o da Pol\u00edcia na prote\u00e7\u00e3o de crian\u00e7as e familiares.<\/p>\n\n\n\n<p>O primeiro mandado foi cumprido no munic\u00edpio de Cruz Machado, onde o devedor possu\u00eda uma d\u00edvida superior a R$ 50 mil.<\/p>\n\n\n\n<p>J\u00e1 o segundo cumprimento ocorreu na quinta-feira (30) na localidade de Barra do Palmital, zona rural de Uni\u00e3o da Vit\u00f3ria, atendendo a determina\u00e7\u00e3o do Ju\u00edzo da Comarca de Mallet.<\/p>\n\n\n\n<figure class=\"wp-block-image size-full\"><img loading=\"lazy\" decoding=\"async\" width=\"598\" height=\"204\" src=\"https:\/\/radiostudiow.com.br\/site\/wp-content\/uploads\/2025\/01\/SITE-MEDIO7.png\" alt=\"\" class=\"wp-image-32801\" srcset=\"https:\/\/radiostudiow.com.br\/site\/wp-content\/uploads\/2025\/01\/SITE-MEDIO7.png 598w, https:\/\/radiostudiow.com.br\/site\/wp-content\/uploads\/2025\/01\/SITE-MEDIO7-300x102.png 300w\" sizes=\"auto, (max-width: 598px) 100vw, 598px\" \/><\/figure>\n\n\n\n<p>Por fim, na manh\u00e3 desta sexta-feira (31), foi executado o terceiro mandado, tamb\u00e9m relacionado \u00e0 inadimpl\u00eancia alimentar.<\/p>\n\n\n\n<p>A pris\u00e3o civil \u00e9 uma medida prevista no artigo 528 do C\u00f3digo de Processo Civil, aplicada a quem descumpre a obriga\u00e7\u00e3o legal de prestar alimentos.<\/p>\n\n\n\n<p>A legisla\u00e7\u00e3o tem como objetivo garantir os direitos dos dependentes, assegurando que decis\u00f5es judiciais sobre pens\u00e3o sejam efetivamente cumpridas.<\/p>\n\n\n\n<p><\/p>\n","protected":false},"excerpt":{"rendered":"<p>Da reda\u00e7\u00e3o Portal V.Vale A equipe da Pol\u00edcia Civil do Paran\u00e1, por meio da 4\u00aa Subdivis\u00e3o Policial (4\u00aa SDP) de Uni\u00e3o da Vit\u00f3ria, realizou, nas \u00faltimas duas semanas, uma opera\u00e7\u00e3o direcionada ao cumprimento de mandados de pris\u00e3o civil por atraso no pagamento de pens\u00e3o aliment\u00edcia. Ao todo, tr\u00eas pessoas foram detidas, refor\u00e7ando a atua\u00e7\u00e3o da [&hellip;]<\/p>\n","protected":false},"author":2,"featured_media":44278,"comment_status":"open","ping_status":"open","sticky":false,"template":"","format":"standard","meta":{"footnotes":""},"categories":[2],"tags":[172],"class_list":["post-44277","post","type-post","status-publish","format-standard","has-post-thumbnail","hentry","category-policial","tag-featured"],"amp_enabled":true,"_links":{"self":[{"href":"https:\/\/radiostudiow.com.br\/site\/wp-json\/wp\/v2\/posts\/44277","targetHints":{"allow":["GET"]}}],"collection":[{"href":"https:\/\/radiostudiow.com.br\/site\/wp-json\/wp\/v2\/posts"}],"about":[{"href":"https:\/\/radiostudiow.com.br\/site\/wp-json\/wp\/v2\/types\/post"}],"author":[{"embeddable":true,"href":"https:\/\/radiostudiow.com.br\/site\/wp-json\/wp\/v2\/users\/2"}],"replies":[{"embeddable":true,"href":"https:\/\/radiostudiow.com.br\/site\/wp-json\/wp\/v2\/comments?post=44277"}],"version-history":[{"count":1,"href":"https:\/\/radiostudiow.com.br\/site\/wp-json\/wp\/v2\/posts\/44277\/revisions"}],"predecessor-version":[{"id":44279,"href":"https:\/\/radiostudiow.com.br\/site\/wp-json\/wp\/v2\/posts\/44277\/revisions\/44279"}],"wp:featuredmedia":[{"embeddable":true,"href":"https:\/\/radiostudiow.com.br\/site\/wp-json\/wp\/v2\/media\/44278"}],"wp:attachment":[{"href":"https:\/\/radiostudiow.com.br\/site\/wp-json\/wp\/v2\/media?parent=44277"}],"wp:term":[{"taxonomy":"category","embeddable":true,"href":"https:\/\/radiostudiow.com.br\/site\/wp-json\/wp\/v2\/categories?post=44277"},{"taxonomy":"post_tag","embeddable":true,"href":"https:\/\/radiostudiow.com.br\/site\/wp-json\/wp\/v2\/tags?post=44277"}],"curies":[{"name":"wp","href":"https:\/\/api.w.org\/{rel}","templated":true}]}}