{"id":44284,"date":"2025-11-01T10:27:14","date_gmt":"2025-11-01T13:27:14","guid":{"rendered":"https:\/\/radiostudiow.com.br\/site\/?p=44284"},"modified":"2025-11-01T10:27:14","modified_gmt":"2025-11-01T13:27:14","slug":"assembleia-legislativa-celebra-25-anos-do-proerd-no-parana","status":"publish","type":"post","link":"https:\/\/radiostudiow.com.br\/site\/2025\/11\/01\/assembleia-legislativa-celebra-25-anos-do-proerd-no-parana\/","title":{"rendered":"Assembleia Legislativa celebra 25 anos do PROERD no Paran\u00e1"},"content":{"rendered":"\n<p class=\"has-text-align-center\"><em>Font: Portal V.Vale \/ Foto: Valdir Amaral\/Alep<\/em><\/p>\n\n\n\n<p>A Assembleia Legislativa do Paran\u00e1 realizou na noite desta quinta-feira, 30 de outubro, uma sess\u00e3o solene em homenagem aos 25 anos do PROERD no estado. A proposta foi do deputado Alexandre Amaro (Republicanos) e contou com a presen\u00e7a de autoridades civis, militares e educadores.<\/p>\n\n\n\n<p>Criado em 1999, o Programa Educacional de Resist\u00eancia \u00e0s Drogas e \u00e0 Viol\u00eancia (PROERD) \u00e9 desenvolvido pela Pol\u00edcia Militar em parceria com escolas p\u00fablicas e privadas, com o objetivo de prevenir o uso de drogas, o bullying e a viol\u00eancia entre crian\u00e7as e adolescentes.<\/p>\n\n\n\n<figure class=\"wp-block-image size-full\"><img loading=\"lazy\" decoding=\"async\" width=\"897\" height=\"204\" src=\"https:\/\/radiostudiow.com.br\/site\/wp-content\/uploads\/2025\/05\/NUTRI-MALLET.png\" alt=\"\" class=\"wp-image-37813\" srcset=\"https:\/\/radiostudiow.com.br\/site\/wp-content\/uploads\/2025\/05\/NUTRI-MALLET.png 897w, https:\/\/radiostudiow.com.br\/site\/wp-content\/uploads\/2025\/05\/NUTRI-MALLET-300x68.png 300w, https:\/\/radiostudiow.com.br\/site\/wp-content\/uploads\/2025\/05\/NUTRI-MALLET-768x175.png 768w\" sizes=\"auto, (max-width: 897px) 100vw, 897px\" \/><\/figure>\n\n\n\n<p>O deputado Alexandre Amaro ressaltou o impacto transformador da iniciativa. <strong><em>\u201cQuando as crian\u00e7as aprendem desde cedo sobre respeito, responsabilidade e os perigos das drogas, elas dificilmente se envolvem em caminhos errados. Esse \u00e9 o verdadeiro trabalho preventivo, que salva vidas antes que os problemas aconte\u00e7am\u201d<\/em><\/strong><em>, afirmou.<\/em><\/p>\n\n\n\n<p>O comandante do Batalh\u00e3o de Patrulha Escolar Comunit\u00e1ria e coordenador estadual do PROERD,\u00a0major Harley Hudson Gianina Lamy, explicou que o m\u00e9todo do programa inclui\u00a0dez li\u00e7\u00f5es pr\u00e1ticas, com foco principal nas turmas de quinto ano. <em><strong>\u201cEnsinamos sobre preven\u00e7\u00e3o \u00e0s drogas, combate \u00e0 viol\u00eancia, enfrentamento ao bullying e, principalmente, responsabilidade nas decis\u00f5es\u201d<\/strong>, destacou.<\/em><\/p>\n\n\n\n<figure class=\"wp-block-gallery has-nested-images columns-default is-cropped wp-block-gallery-1 is-layout-flex wp-block-gallery-is-layout-flex\">\n<figure class=\"wp-block-image size-large\"><img loading=\"lazy\" decoding=\"async\" width=\"300\" height=\"180\" data-id=\"38014\" src=\"https:\/\/radiostudiow.com.br\/site\/wp-content\/uploads\/2025\/05\/VANE.png\" alt=\"\" class=\"wp-image-38014\"\/><\/figure>\n\n\n\n<figure class=\"wp-block-image size-large\"><img loading=\"lazy\" decoding=\"async\" width=\"300\" height=\"180\" data-id=\"41962\" src=\"https:\/\/radiostudiow.com.br\/site\/wp-content\/uploads\/2025\/08\/LILO.png\" alt=\"\" class=\"wp-image-41962\"\/><\/figure>\n<\/figure>\n\n\n\n<p>Um dos destaques do PROERD \u00e9 o modelo de tomada de decis\u00e3o, que ensina crian\u00e7as a identificar problemas, avaliar consequ\u00eancias e fazer escolhas respons\u00e1veis, explicou o major Lamy.<\/p>\n\n\n\n<p>Atualmente, 115 policiais militares atuam como instrutores do programa no Paran\u00e1, que em 25 anos j\u00e1 beneficiou quase 2 milh\u00f5es de crian\u00e7as em todo o estado.<\/p>\n\n\n\n<p>A solenidade reuniu diversas autoridades civis e militares, entre elas as vereadoras Meri Martins e Sargento T\u00e2nia Guerreiro, al\u00e9m de oficiais da Pol\u00edcia Militar. Ao final, mais de 100 policiais e instrutores do PROERD receberam men\u00e7\u00f5es honrosas da Assembleia Legislativa em reconhecimento ao trabalho desenvolvido.<\/p>\n\n\n\n<p class=\"has-text-align-center\"><em>Font: Portal V.Vale \/ Foto: Valdir Amaral\/Alep<\/em><\/p>\n","protected":false},"excerpt":{"rendered":"<p>Font: Portal V.Vale \/ Foto: Valdir Amaral\/Alep A Assembleia Legislativa do Paran\u00e1 realizou na noite desta quinta-feira, 30 de outubro, uma sess\u00e3o solene em homenagem aos 25 anos do PROERD no estado. A proposta foi do deputado Alexandre Amaro (Republicanos) e contou com a presen\u00e7a de autoridades civis, militares e educadores. Criado em 1999, o [&hellip;]<\/p>\n","protected":false},"author":2,"featured_media":44285,"comment_status":"open","ping_status":"open","sticky":false,"template":"","format":"standard","meta":{"footnotes":""},"categories":[7],"tags":[172],"class_list":["post-44284","post","type-post","status-publish","format-standard","has-post-thumbnail","hentry","category-geral","tag-featured"],"amp_enabled":true,"_links":{"self":[{"href":"https:\/\/radiostudiow.com.br\/site\/wp-json\/wp\/v2\/posts\/44284","targetHints":{"allow":["GET"]}}],"collection":[{"href":"https:\/\/radiostudiow.com.br\/site\/wp-json\/wp\/v2\/posts"}],"about":[{"href":"https:\/\/radiostudiow.com.br\/site\/wp-json\/wp\/v2\/types\/post"}],"author":[{"embeddable":true,"href":"https:\/\/radiostudiow.com.br\/site\/wp-json\/wp\/v2\/users\/2"}],"replies":[{"embeddable":true,"href":"https:\/\/radiostudiow.com.br\/site\/wp-json\/wp\/v2\/comments?post=44284"}],"version-history":[{"count":1,"href":"https:\/\/radiostudiow.com.br\/site\/wp-json\/wp\/v2\/posts\/44284\/revisions"}],"predecessor-version":[{"id":44286,"href":"https:\/\/radiostudiow.com.br\/site\/wp-json\/wp\/v2\/posts\/44284\/revisions\/44286"}],"wp:featuredmedia":[{"embeddable":true,"href":"https:\/\/radiostudiow.com.br\/site\/wp-json\/wp\/v2\/media\/44285"}],"wp:attachment":[{"href":"https:\/\/radiostudiow.com.br\/site\/wp-json\/wp\/v2\/media?parent=44284"}],"wp:term":[{"taxonomy":"category","embeddable":true,"href":"https:\/\/radiostudiow.com.br\/site\/wp-json\/wp\/v2\/categories?post=44284"},{"taxonomy":"post_tag","embeddable":true,"href":"https:\/\/radiostudiow.com.br\/site\/wp-json\/wp\/v2\/tags?post=44284"}],"curies":[{"name":"wp","href":"https:\/\/api.w.org\/{rel}","templated":true}]}}