{"id":44287,"date":"2025-11-01T11:05:18","date_gmt":"2025-11-01T14:05:18","guid":{"rendered":"https:\/\/radiostudiow.com.br\/site\/?p=44287"},"modified":"2025-11-01T11:05:18","modified_gmt":"2025-11-01T14:05:18","slug":"homem-e-preso-em-rio-azul-por-agredir-o-pai-e-a-irma-e-incendiar-a-casa-da-familia","status":"publish","type":"post","link":"https:\/\/radiostudiow.com.br\/site\/2025\/11\/01\/homem-e-preso-em-rio-azul-por-agredir-o-pai-e-a-irma-e-incendiar-a-casa-da-familia\/","title":{"rendered":"Homem \u00e9 preso em Rio Azul por agredir o pai e a irm\u00e3 e incendiar a casa da fam\u00edlia"},"content":{"rendered":"\n<p>A Pol\u00edcia Civil de Rebou\u00e7as cumpriu, na tarde desta sexta-feira (31), um mandado de pris\u00e3o preventiva contra um homem de 24 anos, acusado de agress\u00f5es, amea\u00e7as e inc\u00eandio no contexto de viol\u00eancia dom\u00e9stica. O crime ocorreu na zona rural de Rio Azul, onde tamb\u00e9m foi realizada a pris\u00e3o.<\/p>\n\n\n\n<p>Conforme as investiga\u00e7\u00f5es, o suspeito, em vis\u00edvel estado de embriaguez, teria agredido o pr\u00f3prio pai com socos e chutes, causando les\u00f5es na cabe\u00e7a e na perna. Em seguida, o homem usou gasolina para incendiar a resid\u00eancia da fam\u00edlia e o ve\u00edculo, gerando preju\u00edzo estimado em R$ 38 mil. Ainda segundo o apurado, ele amea\u00e7ou os familiares, afirmando que \u201cacertaria as contas com cada um dos irm\u00e3os\u201d.<\/p>\n\n\n\n<figure class=\"wp-block-image size-full\"><img loading=\"lazy\" decoding=\"async\" width=\"731\" height=\"204\" src=\"https:\/\/radiostudiow.com.br\/site\/wp-content\/uploads\/2025\/10\/ZAIONS.png\" alt=\"\" class=\"wp-image-44147\" srcset=\"https:\/\/radiostudiow.com.br\/site\/wp-content\/uploads\/2025\/10\/ZAIONS.png 731w, https:\/\/radiostudiow.com.br\/site\/wp-content\/uploads\/2025\/10\/ZAIONS-300x84.png 300w\" sizes=\"auto, (max-width: 731px) 100vw, 731px\" \/><\/figure>\n\n\n\n<p>Diante do temor por novas agress\u00f5es, as v\u00edtimas solicitaram Medidas Protetivas de Urg\u00eancia, encaminhadas ao Poder Judici\u00e1rio pela equipe policial.<\/p>\n\n\n\n<p>A representa\u00e7\u00e3o pela pris\u00e3o preventiva foi feita pelo delegado Thiago Fran\u00e7a Nunes, titular da Delegacia de Pol\u00edcia de Rebou\u00e7as, e deferida pela Justi\u00e7a, com parecer favor\u00e1vel do Minist\u00e9rio P\u00fablico.<\/p>\n\n\n\n<p>O investigado foi indiciado pelos crimes de amea\u00e7a contra mulher, inc\u00eandio majorado e les\u00e3o corporal contra ascendente. Caso seja condenado, poder\u00e1 receber pena de at\u00e9 15 anos de reclus\u00e3o.<\/p>\n\n\n\n<p>Ap\u00f3s os procedimentos de praxe, o homem foi encaminhado ao sistema prisional, onde permanece \u00e0 disposi\u00e7\u00e3o do Poder Judici\u00e1rio.<\/p>\n\n\n\n<figure class=\"wp-block-image size-full\"><img loading=\"lazy\" decoding=\"async\" width=\"897\" height=\"204\" src=\"https:\/\/radiostudiow.com.br\/site\/wp-content\/uploads\/2025\/03\/image-62.png\" alt=\"\" class=\"wp-image-35859\" srcset=\"https:\/\/radiostudiow.com.br\/site\/wp-content\/uploads\/2025\/03\/image-62.png 897w, https:\/\/radiostudiow.com.br\/site\/wp-content\/uploads\/2025\/03\/image-62-300x68.png 300w, https:\/\/radiostudiow.com.br\/site\/wp-content\/uploads\/2025\/03\/image-62-768x175.png 768w\" sizes=\"auto, (max-width: 897px) 100vw, 897px\" \/><\/figure>\n\n\n\n<blockquote class=\"wp-block-quote is-layout-flow wp-block-quote-is-layout-flow\">\n<p class=\"has-text-align-center\">A Pol\u00edcia Civil reitera a import\u00e2ncia da comunica\u00e7\u00e3o de crimes e encoraja as v\u00edtimas de viol\u00eancia dom\u00e9stica para que n\u00e3o aceitem e denunciem. Contatos: Disque 197.<\/p>\n<\/blockquote>\n\n\n\n<p class=\"has-text-align-center\"><em>Fonte: R\u00e1dio Alvorada\/Thiago Fran\u00e7a Nunes\/Delegado de Pol\u00edcia&nbsp;de&nbsp;Rebou\u00e7as\/PR<\/em><\/p>\n\n\n\n<figure class=\"wp-block-image size-large\"><img loading=\"lazy\" decoding=\"async\" width=\"1024\" height=\"480\" src=\"https:\/\/radiostudiow.com.br\/site\/wp-content\/uploads\/2025\/11\/image-2-1024x480.png\" alt=\"\" class=\"wp-image-44288\" srcset=\"https:\/\/radiostudiow.com.br\/site\/wp-content\/uploads\/2025\/11\/image-2-1024x480.png 1024w, https:\/\/radiostudiow.com.br\/site\/wp-content\/uploads\/2025\/11\/image-2-300x141.png 300w, https:\/\/radiostudiow.com.br\/site\/wp-content\/uploads\/2025\/11\/image-2-768x360.png 768w, https:\/\/radiostudiow.com.br\/site\/wp-content\/uploads\/2025\/11\/image-2.png 1518w\" sizes=\"auto, (max-width: 1024px) 100vw, 1024px\" \/><\/figure>\n","protected":false},"excerpt":{"rendered":"<p>A Pol\u00edcia Civil de Rebou\u00e7as cumpriu, na tarde desta sexta-feira (31), um mandado de pris\u00e3o preventiva contra um homem de 24 anos, acusado de agress\u00f5es, amea\u00e7as e inc\u00eandio no contexto de viol\u00eancia dom\u00e9stica. O crime ocorreu na zona rural de Rio Azul, onde tamb\u00e9m foi realizada a pris\u00e3o. Conforme as investiga\u00e7\u00f5es, o suspeito, em vis\u00edvel [&hellip;]<\/p>\n","protected":false},"author":2,"featured_media":44289,"comment_status":"open","ping_status":"open","sticky":false,"template":"","format":"standard","meta":{"footnotes":""},"categories":[2],"tags":[172],"class_list":["post-44287","post","type-post","status-publish","format-standard","has-post-thumbnail","hentry","category-policial","tag-featured"],"amp_enabled":true,"_links":{"self":[{"href":"https:\/\/radiostudiow.com.br\/site\/wp-json\/wp\/v2\/posts\/44287","targetHints":{"allow":["GET"]}}],"collection":[{"href":"https:\/\/radiostudiow.com.br\/site\/wp-json\/wp\/v2\/posts"}],"about":[{"href":"https:\/\/radiostudiow.com.br\/site\/wp-json\/wp\/v2\/types\/post"}],"author":[{"embeddable":true,"href":"https:\/\/radiostudiow.com.br\/site\/wp-json\/wp\/v2\/users\/2"}],"replies":[{"embeddable":true,"href":"https:\/\/radiostudiow.com.br\/site\/wp-json\/wp\/v2\/comments?post=44287"}],"version-history":[{"count":2,"href":"https:\/\/radiostudiow.com.br\/site\/wp-json\/wp\/v2\/posts\/44287\/revisions"}],"predecessor-version":[{"id":44292,"href":"https:\/\/radiostudiow.com.br\/site\/wp-json\/wp\/v2\/posts\/44287\/revisions\/44292"}],"wp:featuredmedia":[{"embeddable":true,"href":"https:\/\/radiostudiow.com.br\/site\/wp-json\/wp\/v2\/media\/44289"}],"wp:attachment":[{"href":"https:\/\/radiostudiow.com.br\/site\/wp-json\/wp\/v2\/media?parent=44287"}],"wp:term":[{"taxonomy":"category","embeddable":true,"href":"https:\/\/radiostudiow.com.br\/site\/wp-json\/wp\/v2\/categories?post=44287"},{"taxonomy":"post_tag","embeddable":true,"href":"https:\/\/radiostudiow.com.br\/site\/wp-json\/wp\/v2\/tags?post=44287"}],"curies":[{"name":"wp","href":"https:\/\/api.w.org\/{rel}","templated":true}]}}