{"id":44300,"date":"2025-11-01T12:14:19","date_gmt":"2025-11-01T15:14:19","guid":{"rendered":"https:\/\/radiostudiow.com.br\/site\/?p=44300"},"modified":"2025-11-01T12:14:19","modified_gmt":"2025-11-01T15:14:19","slug":"novas-regras-do-saque-aniversario-do-fgts-comecam-a-valer-neste-sabado-1","status":"publish","type":"post","link":"https:\/\/radiostudiow.com.br\/site\/2025\/11\/01\/novas-regras-do-saque-aniversario-do-fgts-comecam-a-valer-neste-sabado-1\/","title":{"rendered":"Novas regras do saque-anivers\u00e1rio do FGTS come\u00e7am a valer neste s\u00e1bado (1\u00b0)"},"content":{"rendered":"\n<figure class=\"wp-block-image size-full is-resized\"><img loading=\"lazy\" decoding=\"async\" width=\"1024\" height=\"591\" src=\"https:\/\/radiostudiow.com.br\/site\/wp-content\/uploads\/2025\/09\/CASA-DO-CRIADOR.png\" alt=\"\" class=\"wp-image-42859\" style=\"width:552px;height:auto\" srcset=\"https:\/\/radiostudiow.com.br\/site\/wp-content\/uploads\/2025\/09\/CASA-DO-CRIADOR.png 1024w, https:\/\/radiostudiow.com.br\/site\/wp-content\/uploads\/2025\/09\/CASA-DO-CRIADOR-300x173.png 300w, https:\/\/radiostudiow.com.br\/site\/wp-content\/uploads\/2025\/09\/CASA-DO-CRIADOR-768x443.png 768w\" sizes=\"auto, (max-width: 1024px) 100vw, 1024px\" \/><\/figure>\n\n\n\n<p class=\"has-text-align-center\"><em>Fonte: Portal RDX \/ Com informa\u00e7\u00f5es de Ag\u00eancia Brasil<\/em><\/p>\n\n\n\n<p>As novas regras do saque-anivers\u00e1rio do Fundo de Garantia do Tempo de Servi\u00e7o (FGTS) passam a valer a partir deste s\u00e1bado (1\u00ba). As mudan\u00e7as,&nbsp;<a href=\"https:\/\/ric.com.br\/economia\/governo-muda-regras-do-saque-aniversario-do-fgts-veja-alteracoes\/\" target=\"_blank\" rel=\"noreferrer noopener\">aprovadas pelo Conselho Curador do FGTS<\/a>&nbsp;e aplicadas pela Caixa Econ\u00f4mica Federal, alteram as condi\u00e7\u00f5es para antecipa\u00e7\u00e3o dos valores dessa modalidade.<\/p>\n\n\n\n<h2 class=\"wp-block-heading\"><strong>O que muda com as novas regras<\/strong><\/h2>\n\n\n\n<p>Com a atualiza\u00e7\u00e3o, o governo estabeleceu novos limites para controlar a antecipa\u00e7\u00e3o. A partir de agora, o<a href=\"https:\/\/ric.com.br\/cotidiano\/concursos-e-empregos\/carteira-de-trabalho-digital-saiba-como-acessar-consultar-e-usar\/\" target=\"_blank\" rel=\"noreferrer noopener\">&nbsp;trabalhador<\/a>&nbsp;poder\u00e1 antecipar, no m\u00e1ximo, cinco parcelas no primeiro ano, com cada parcela variando entre R$ 100 e R$ 500. A partir de 2026, o n\u00famero m\u00e1ximo de parcelas cair\u00e1 para tr\u00eas por ano.<\/p>\n\n\n\n<p>Al\u00e9m disso, s\u00f3 ser\u00e1 permitida uma opera\u00e7\u00e3o de antecipa\u00e7\u00e3o por ano. O trabalhador que aderir \u00e0 modalidade tamb\u00e9m precisar\u00e1 respeitar um per\u00edodo de car\u00eancia de 90 dias antes de contratar o empr\u00e9stimo junto a um banco.<\/p>\n\n\n\n<p>No primeiro ano de vig\u00eancia, o limite total de antecipa\u00e7\u00e3o ser\u00e1 de R$ 2,5 mil (cinco parcelas de R$ 500). A partir de 2026, esse valor m\u00e1ximo cair\u00e1 para R$ 1,5 mil.<\/p>\n\n\n\n<figure class=\"wp-block-image size-full\"><img loading=\"lazy\" decoding=\"async\" width=\"897\" height=\"207\" src=\"https:\/\/radiostudiow.com.br\/site\/wp-content\/uploads\/2025\/07\/TIJOLAO.png\" alt=\"\" class=\"wp-image-40184\" srcset=\"https:\/\/radiostudiow.com.br\/site\/wp-content\/uploads\/2025\/07\/TIJOLAO.png 897w, https:\/\/radiostudiow.com.br\/site\/wp-content\/uploads\/2025\/07\/TIJOLAO-300x69.png 300w, https:\/\/radiostudiow.com.br\/site\/wp-content\/uploads\/2025\/07\/TIJOLAO-768x177.png 768w\" sizes=\"auto, (max-width: 897px) 100vw, 897px\" \/><\/figure>\n\n\n\n<h2 class=\"wp-block-heading\"><strong>Como funciona a antecipa\u00e7\u00e3o dos valores<\/strong><\/h2>\n\n\n\n<p>Na pr\u00e1tica, a antecipa\u00e7\u00e3o do saque-anivers\u00e1rio \u00e9 uma forma de empr\u00e9stimo: o trabalhador solicita ao banco o adiantamento de parcelas futuras, e o saldo do FGTS \u00e9 usado como garantia da opera\u00e7\u00e3o. Em troca, a institui\u00e7\u00e3o financeira cobra juros.<\/p>\n\n\n\n<p>Antes da nova regra, era poss\u00edvel antecipar at\u00e9 10 anos de saques, sem limite de valor, quantidade de parcelas ou n\u00famero de opera\u00e7\u00f5es contratadas simultaneamente.<\/p>\n\n\n\n<h2 class=\"wp-block-heading\"><strong>Como fica a ades\u00e3o ao saque-anivers\u00e1rio daqui pra frente<\/strong><\/h2>\n\n\n\n<p>O trabalhador pode consultar o saldo, aderir ou cancelar a op\u00e7\u00e3o pelo saque-anivers\u00e1rio por meio do aplicativo FGTS, dispon\u00edvel para Android e iOS.<\/p>\n\n\n\n<p>Quem optar pela modalidade deve respeitar o novo per\u00edodo de car\u00eancia de 90 dias antes de solicitar a antecipa\u00e7\u00e3o dos valores em qualquer institui\u00e7\u00e3o financeira.<\/p>\n\n\n\n<p>Em caso de demiss\u00e3o, quem tiver parcelas antecipadas n\u00e3o poder\u00e1 sacar o saldo bloqueado \u2014 mantendo apenas o direito \u00e0 multa rescis\u00f3ria de 40%.<\/p>\n\n\n\n<p class=\"has-text-align-center\"><em>Fonte: Portal RDX \/ Com informa\u00e7\u00f5es de Ag\u00eancia Brasil<\/em><\/p>\n","protected":false},"excerpt":{"rendered":"<p>Fonte: Portal RDX \/ Com informa\u00e7\u00f5es de Ag\u00eancia Brasil As novas regras do saque-anivers\u00e1rio do Fundo de Garantia do Tempo de Servi\u00e7o (FGTS) passam a valer a partir deste s\u00e1bado (1\u00ba). As mudan\u00e7as,&nbsp;aprovadas pelo Conselho Curador do FGTS&nbsp;e aplicadas pela Caixa Econ\u00f4mica Federal, alteram as condi\u00e7\u00f5es para antecipa\u00e7\u00e3o dos valores dessa modalidade. O que muda [&hellip;]<\/p>\n","protected":false},"author":2,"featured_media":16568,"comment_status":"open","ping_status":"open","sticky":false,"template":"","format":"standard","meta":{"footnotes":""},"categories":[7],"tags":[172],"class_list":["post-44300","post","type-post","status-publish","format-standard","has-post-thumbnail","hentry","category-geral","tag-featured"],"amp_enabled":true,"_links":{"self":[{"href":"https:\/\/radiostudiow.com.br\/site\/wp-json\/wp\/v2\/posts\/44300","targetHints":{"allow":["GET"]}}],"collection":[{"href":"https:\/\/radiostudiow.com.br\/site\/wp-json\/wp\/v2\/posts"}],"about":[{"href":"https:\/\/radiostudiow.com.br\/site\/wp-json\/wp\/v2\/types\/post"}],"author":[{"embeddable":true,"href":"https:\/\/radiostudiow.com.br\/site\/wp-json\/wp\/v2\/users\/2"}],"replies":[{"embeddable":true,"href":"https:\/\/radiostudiow.com.br\/site\/wp-json\/wp\/v2\/comments?post=44300"}],"version-history":[{"count":1,"href":"https:\/\/radiostudiow.com.br\/site\/wp-json\/wp\/v2\/posts\/44300\/revisions"}],"predecessor-version":[{"id":44301,"href":"https:\/\/radiostudiow.com.br\/site\/wp-json\/wp\/v2\/posts\/44300\/revisions\/44301"}],"wp:featuredmedia":[{"embeddable":true,"href":"https:\/\/radiostudiow.com.br\/site\/wp-json\/wp\/v2\/media\/16568"}],"wp:attachment":[{"href":"https:\/\/radiostudiow.com.br\/site\/wp-json\/wp\/v2\/media?parent=44300"}],"wp:term":[{"taxonomy":"category","embeddable":true,"href":"https:\/\/radiostudiow.com.br\/site\/wp-json\/wp\/v2\/categories?post=44300"},{"taxonomy":"post_tag","embeddable":true,"href":"https:\/\/radiostudiow.com.br\/site\/wp-json\/wp\/v2\/tags?post=44300"}],"curies":[{"name":"wp","href":"https:\/\/api.w.org\/{rel}","templated":true}]}}