{"id":44311,"date":"2025-11-03T10:08:33","date_gmt":"2025-11-03T13:08:33","guid":{"rendered":"https:\/\/radiostudiow.com.br\/site\/?p=44311"},"modified":"2025-11-03T10:08:33","modified_gmt":"2025-11-03T13:08:33","slug":"homem-de-27-anos-e-encontrado-morto-com-sinais-de-espancamento-e-golpes-de-arma-branca-em-cruz-machado","status":"publish","type":"post","link":"https:\/\/radiostudiow.com.br\/site\/2025\/11\/03\/homem-de-27-anos-e-encontrado-morto-com-sinais-de-espancamento-e-golpes-de-arma-branca-em-cruz-machado\/","title":{"rendered":"Homem de 27 anos \u00e9 encontrado morto com sinais de espancamento e golpes de arma branca em Cruz Machado"},"content":{"rendered":"\n<figure class=\"wp-block-image size-full\"><img loading=\"lazy\" decoding=\"async\" width=\"731\" height=\"204\" src=\"https:\/\/radiostudiow.com.br\/site\/wp-content\/uploads\/2025\/10\/ZAIONS.png\" alt=\"\" class=\"wp-image-44147\" srcset=\"https:\/\/radiostudiow.com.br\/site\/wp-content\/uploads\/2025\/10\/ZAIONS.png 731w, https:\/\/radiostudiow.com.br\/site\/wp-content\/uploads\/2025\/10\/ZAIONS-300x84.png 300w\" sizes=\"auto, (max-width: 731px) 100vw, 731px\" \/><\/figure>\n\n\n\n<p>Um homem foi encontrado morto pr\u00f3ximo a Prefeitura Municipal de Cruz Machado na madrugada desta segunda-feira (03).<\/p>\n\n\n\n<p>A equipe da Pol\u00edcia Militar foi acionada, caso \u00e9 tratado pelas autoridades como homic\u00eddio, por\u00e9m ainda n\u00e3o h\u00e1 confirma\u00e7\u00e3o se a v\u00edtima foi morta por disparos de arma de fogo ou por golpes de arma branca.<\/p>\n\n\n\n<p>No local havia uma grande quantidade de sangue, al\u00e9m de sinais de espancamento. Funcion\u00e1rios encontraram o corpo da v\u00edtima, identificado como Darci Batista da 27 anos.<\/p>\n\n\n\n<figure class=\"wp-block-image size-full\"><img decoding=\"async\" src=\"https:\/\/radiostudiow.com.br\/site\/wp-content\/uploads\/2025\/10\/SUPREMA-BARBA.png\" alt=\"\" class=\"wp-image-44123\"\/><\/figure>\n\n\n\n<p>A equipe da Pol\u00edcia Civil e do do Instituto de Criminal\u00edstica e do IML estiveram no local para realiza\u00e7\u00e3o da per\u00edcia e o recolhimento do corpo.<\/p>\n\n\n\n<p>A ocorr\u00eancia e seguem com as investiga\u00e7\u00f5es para apurar as circunst\u00e2ncias e a autoria do crime.<\/p>\n\n\n\n<p>Nossos sentimentos \u00e0 fam\u00edlia enlutada.<\/p>\n\n\n\n<p><em>Fonte: Assis O Rep\u00f3rtes<\/em><\/p>\n","protected":false},"excerpt":{"rendered":"<p>Um homem foi encontrado morto pr\u00f3ximo a Prefeitura Municipal de Cruz Machado na madrugada desta segunda-feira (03). A equipe da Pol\u00edcia Militar foi acionada, caso \u00e9 tratado pelas autoridades como homic\u00eddio, por\u00e9m ainda n\u00e3o h\u00e1 confirma\u00e7\u00e3o se a v\u00edtima foi morta por disparos de arma de fogo ou por golpes de arma branca. No local [&hellip;]<\/p>\n","protected":false},"author":2,"featured_media":44313,"comment_status":"open","ping_status":"open","sticky":false,"template":"","format":"standard","meta":{"footnotes":""},"categories":[2],"tags":[172],"class_list":["post-44311","post","type-post","status-publish","format-standard","has-post-thumbnail","hentry","category-policial","tag-featured"],"amp_enabled":true,"_links":{"self":[{"href":"https:\/\/radiostudiow.com.br\/site\/wp-json\/wp\/v2\/posts\/44311","targetHints":{"allow":["GET"]}}],"collection":[{"href":"https:\/\/radiostudiow.com.br\/site\/wp-json\/wp\/v2\/posts"}],"about":[{"href":"https:\/\/radiostudiow.com.br\/site\/wp-json\/wp\/v2\/types\/post"}],"author":[{"embeddable":true,"href":"https:\/\/radiostudiow.com.br\/site\/wp-json\/wp\/v2\/users\/2"}],"replies":[{"embeddable":true,"href":"https:\/\/radiostudiow.com.br\/site\/wp-json\/wp\/v2\/comments?post=44311"}],"version-history":[{"count":1,"href":"https:\/\/radiostudiow.com.br\/site\/wp-json\/wp\/v2\/posts\/44311\/revisions"}],"predecessor-version":[{"id":44314,"href":"https:\/\/radiostudiow.com.br\/site\/wp-json\/wp\/v2\/posts\/44311\/revisions\/44314"}],"wp:featuredmedia":[{"embeddable":true,"href":"https:\/\/radiostudiow.com.br\/site\/wp-json\/wp\/v2\/media\/44313"}],"wp:attachment":[{"href":"https:\/\/radiostudiow.com.br\/site\/wp-json\/wp\/v2\/media?parent=44311"}],"wp:term":[{"taxonomy":"category","embeddable":true,"href":"https:\/\/radiostudiow.com.br\/site\/wp-json\/wp\/v2\/categories?post=44311"},{"taxonomy":"post_tag","embeddable":true,"href":"https:\/\/radiostudiow.com.br\/site\/wp-json\/wp\/v2\/tags?post=44311"}],"curies":[{"name":"wp","href":"https:\/\/api.w.org\/{rel}","templated":true}]}}