{"id":44317,"date":"2025-11-03T11:01:40","date_gmt":"2025-11-03T14:01:40","guid":{"rendered":"https:\/\/radiostudiow.com.br\/site\/?p=44317"},"modified":"2025-11-03T11:01:40","modified_gmt":"2025-11-03T14:01:40","slug":"policia-militar-prendemulher-por-descumprimento-de-medida-protetiva-em-uniao-da-vitoria","status":"publish","type":"post","link":"https:\/\/radiostudiow.com.br\/site\/2025\/11\/03\/policia-militar-prendemulher-por-descumprimento-de-medida-protetiva-em-uniao-da-vitoria\/","title":{"rendered":"Pol\u00edcia Militar prendemulher por descumprimento de medida protetiva em Uni\u00e3o da Vit\u00f3ria"},"content":{"rendered":"\n<figure class=\"wp-block-image size-full\"><img loading=\"lazy\" decoding=\"async\" width=\"598\" height=\"204\" src=\"https:\/\/radiostudiow.com.br\/site\/wp-content\/uploads\/2024\/01\/SITE-MEDIO.png\" alt=\"\" class=\"wp-image-18916\" srcset=\"https:\/\/radiostudiow.com.br\/site\/wp-content\/uploads\/2024\/01\/SITE-MEDIO.png 598w, https:\/\/radiostudiow.com.br\/site\/wp-content\/uploads\/2024\/01\/SITE-MEDIO-300x102.png 300w\" sizes=\"auto, (max-width: 598px) 100vw, 598px\" \/><\/figure>\n\n\n\n<p>A equipe da Pol\u00edcia Militar de Uni\u00e3o da Vit\u00f3ria atendeu ocorr\u00eancia de descumprimento de medida<br>protetiva no bairro S\u00e3o Braz por volta das 19h40min desse s\u00e1bado (01\u00b0).<\/p>\n\n\n\n<p>No local, a autora invadiu a resid\u00eancia da v\u00edtima, causando danos e simulando ferimentos.<\/p>\n\n\n\n<p>Constatada a vig\u00eancia da medida, ela foi detida e encaminhada \u00e0 delegacia para os procedimentos cab\u00edveis, ficando \u00e0 disposi\u00e7\u00e3o da Pol\u00edcia Judici\u00e1ria.<\/p>\n","protected":false},"excerpt":{"rendered":"<p>A equipe da Pol\u00edcia Militar de Uni\u00e3o da Vit\u00f3ria atendeu ocorr\u00eancia de descumprimento de medidaprotetiva no bairro S\u00e3o Braz por volta das 19h40min desse s\u00e1bado (01\u00b0). No local, a autora invadiu a resid\u00eancia da v\u00edtima, causando danos e simulando ferimentos. Constatada a vig\u00eancia da medida, ela foi detida e encaminhada \u00e0 delegacia para os procedimentos [&hellip;]<\/p>\n","protected":false},"author":2,"featured_media":13676,"comment_status":"open","ping_status":"open","sticky":false,"template":"","format":"standard","meta":{"footnotes":""},"categories":[2],"tags":[172],"class_list":["post-44317","post","type-post","status-publish","format-standard","has-post-thumbnail","hentry","category-policial","tag-featured"],"amp_enabled":true,"_links":{"self":[{"href":"https:\/\/radiostudiow.com.br\/site\/wp-json\/wp\/v2\/posts\/44317","targetHints":{"allow":["GET"]}}],"collection":[{"href":"https:\/\/radiostudiow.com.br\/site\/wp-json\/wp\/v2\/posts"}],"about":[{"href":"https:\/\/radiostudiow.com.br\/site\/wp-json\/wp\/v2\/types\/post"}],"author":[{"embeddable":true,"href":"https:\/\/radiostudiow.com.br\/site\/wp-json\/wp\/v2\/users\/2"}],"replies":[{"embeddable":true,"href":"https:\/\/radiostudiow.com.br\/site\/wp-json\/wp\/v2\/comments?post=44317"}],"version-history":[{"count":1,"href":"https:\/\/radiostudiow.com.br\/site\/wp-json\/wp\/v2\/posts\/44317\/revisions"}],"predecessor-version":[{"id":44318,"href":"https:\/\/radiostudiow.com.br\/site\/wp-json\/wp\/v2\/posts\/44317\/revisions\/44318"}],"wp:featuredmedia":[{"embeddable":true,"href":"https:\/\/radiostudiow.com.br\/site\/wp-json\/wp\/v2\/media\/13676"}],"wp:attachment":[{"href":"https:\/\/radiostudiow.com.br\/site\/wp-json\/wp\/v2\/media?parent=44317"}],"wp:term":[{"taxonomy":"category","embeddable":true,"href":"https:\/\/radiostudiow.com.br\/site\/wp-json\/wp\/v2\/categories?post=44317"},{"taxonomy":"post_tag","embeddable":true,"href":"https:\/\/radiostudiow.com.br\/site\/wp-json\/wp\/v2\/tags?post=44317"}],"curies":[{"name":"wp","href":"https:\/\/api.w.org\/{rel}","templated":true}]}}