{"id":44321,"date":"2025-11-03T11:24:28","date_gmt":"2025-11-03T14:24:28","guid":{"rendered":"https:\/\/radiostudiow.com.br\/site\/?p=44321"},"modified":"2025-11-03T11:24:53","modified_gmt":"2025-11-03T14:24:53","slug":"policia-militar-apreende-drogas-e-prende-motorista-durante-abordagem-na-br-153-em-mallet","status":"publish","type":"post","link":"https:\/\/radiostudiow.com.br\/site\/2025\/11\/03\/policia-militar-apreende-drogas-e-prende-motorista-durante-abordagem-na-br-153-em-mallet\/","title":{"rendered":"Pol\u00edcia Militar apreende drogas e prende motorista durante abordagem na BR-153, em Mallet"},"content":{"rendered":"\n<figure class=\"wp-block-image size-full\"><img loading=\"lazy\" decoding=\"async\" width=\"897\" height=\"204\" src=\"https:\/\/radiostudiow.com.br\/site\/wp-content\/uploads\/2025\/03\/image-62.png\" alt=\"\" class=\"wp-image-35859\" srcset=\"https:\/\/radiostudiow.com.br\/site\/wp-content\/uploads\/2025\/03\/image-62.png 897w, https:\/\/radiostudiow.com.br\/site\/wp-content\/uploads\/2025\/03\/image-62-300x68.png 300w, https:\/\/radiostudiow.com.br\/site\/wp-content\/uploads\/2025\/03\/image-62-768x175.png 768w\" sizes=\"auto, (max-width: 897px) 100vw, 897px\" \/><\/figure>\n\n\n\n<p>Na noite deste domingo dia 02 de novembro, por volta das 19h, uma a\u00e7\u00e3o conjunta entre a equipe da RPA e a Patrulha Rural da Pol\u00edcia Militar, resultou na apreens\u00e3o de drogas e na pris\u00e3o de um homem na rodovia BR-153, na localidade de Col\u00f4nia Ronda, em Mallet.<\/p>\n\n\n\n<p>A opera\u00e7\u00e3o teve in\u00edcio ap\u00f3s uma den\u00fancia an\u00f4nima informar que um ve\u00edculo Gol vermelho estaria transportando entorpecentes para o munic\u00edpio.<\/p>\n\n\n\n<p>Durante o patrulhamento, os policiais avistaram o autom\u00f3vel suspeito e tentaram realizar a abordagem. O condutor, no entanto, tentou fugir, sendo interceptado logo em seguida.<\/p>\n\n\n\n<figure class=\"wp-block-image size-full\"><img loading=\"lazy\" decoding=\"async\" width=\"897\" height=\"204\" src=\"https:\/\/radiostudiow.com.br\/site\/wp-content\/uploads\/2025\/03\/BARAO-NOVO-NOTICIAS-1.jpg\" alt=\"\" class=\"wp-image-35084\" srcset=\"https:\/\/radiostudiow.com.br\/site\/wp-content\/uploads\/2025\/03\/BARAO-NOVO-NOTICIAS-1.jpg 897w, https:\/\/radiostudiow.com.br\/site\/wp-content\/uploads\/2025\/03\/BARAO-NOVO-NOTICIAS-1-300x68.jpg 300w, https:\/\/radiostudiow.com.br\/site\/wp-content\/uploads\/2025\/03\/BARAO-NOVO-NOTICIAS-1-768x175.jpg 768w\" sizes=\"auto, (max-width: 897px) 100vw, 897px\" \/><\/figure>\n\n\n\n<p>Na revista pessoal, nada de il\u00edcito foi encontrado com o motorista. Contudo, durante a busca no interior do ve\u00edculo, os policiais localizaram dois inv\u00f3lucros contendo subst\u00e2ncia semelhante \u00e0 coca\u00edna, totalizando 3,4 gramas, e outros quatro inv\u00f3lucros de crack, pesando cerca de 4,5 gramas.<\/p>\n\n\n\n<p>Diante da constata\u00e7\u00e3o, o homem foi preso em flagrante pelo crime de tr\u00e1fico de drogas e encaminhado \u00e0 4\u00aa (SDP) Subdivis\u00e3o Policial de Uni\u00e3o da Vit\u00f3ria para os procedimentos cab\u00edveis.<\/p>\n\n\n\n<p class=\"has-text-align-center\"><em>Fonte: 27\u00b0 BPM<\/em><\/p>\n\n\n\n<figure class=\"wp-block-image size-full\"><img loading=\"lazy\" decoding=\"async\" width=\"897\" height=\"204\" src=\"https:\/\/radiostudiow.com.br\/site\/wp-content\/uploads\/2025\/05\/NUTRI-MALLET.png\" alt=\"\" class=\"wp-image-37813\" srcset=\"https:\/\/radiostudiow.com.br\/site\/wp-content\/uploads\/2025\/05\/NUTRI-MALLET.png 897w, https:\/\/radiostudiow.com.br\/site\/wp-content\/uploads\/2025\/05\/NUTRI-MALLET-300x68.png 300w, https:\/\/radiostudiow.com.br\/site\/wp-content\/uploads\/2025\/05\/NUTRI-MALLET-768x175.png 768w\" sizes=\"auto, (max-width: 897px) 100vw, 897px\" \/><\/figure>\n\n\n\n<p><\/p>\n","protected":false},"excerpt":{"rendered":"<p>Na noite deste domingo dia 02 de novembro, por volta das 19h, uma a\u00e7\u00e3o conjunta entre a equipe da RPA e a Patrulha Rural da Pol\u00edcia Militar, resultou na apreens\u00e3o de drogas e na pris\u00e3o de um homem na rodovia BR-153, na localidade de Col\u00f4nia Ronda, em Mallet. A opera\u00e7\u00e3o teve in\u00edcio ap\u00f3s uma den\u00fancia [&hellip;]<\/p>\n","protected":false},"author":2,"featured_media":44322,"comment_status":"open","ping_status":"open","sticky":false,"template":"","format":"standard","meta":{"footnotes":""},"categories":[2],"tags":[172],"class_list":["post-44321","post","type-post","status-publish","format-standard","has-post-thumbnail","hentry","category-policial","tag-featured"],"amp_enabled":true,"_links":{"self":[{"href":"https:\/\/radiostudiow.com.br\/site\/wp-json\/wp\/v2\/posts\/44321","targetHints":{"allow":["GET"]}}],"collection":[{"href":"https:\/\/radiostudiow.com.br\/site\/wp-json\/wp\/v2\/posts"}],"about":[{"href":"https:\/\/radiostudiow.com.br\/site\/wp-json\/wp\/v2\/types\/post"}],"author":[{"embeddable":true,"href":"https:\/\/radiostudiow.com.br\/site\/wp-json\/wp\/v2\/users\/2"}],"replies":[{"embeddable":true,"href":"https:\/\/radiostudiow.com.br\/site\/wp-json\/wp\/v2\/comments?post=44321"}],"version-history":[{"count":2,"href":"https:\/\/radiostudiow.com.br\/site\/wp-json\/wp\/v2\/posts\/44321\/revisions"}],"predecessor-version":[{"id":44324,"href":"https:\/\/radiostudiow.com.br\/site\/wp-json\/wp\/v2\/posts\/44321\/revisions\/44324"}],"wp:featuredmedia":[{"embeddable":true,"href":"https:\/\/radiostudiow.com.br\/site\/wp-json\/wp\/v2\/media\/44322"}],"wp:attachment":[{"href":"https:\/\/radiostudiow.com.br\/site\/wp-json\/wp\/v2\/media?parent=44321"}],"wp:term":[{"taxonomy":"category","embeddable":true,"href":"https:\/\/radiostudiow.com.br\/site\/wp-json\/wp\/v2\/categories?post=44321"},{"taxonomy":"post_tag","embeddable":true,"href":"https:\/\/radiostudiow.com.br\/site\/wp-json\/wp\/v2\/tags?post=44321"}],"curies":[{"name":"wp","href":"https:\/\/api.w.org\/{rel}","templated":true}]}}