{"id":44331,"date":"2025-11-03T17:44:48","date_gmt":"2025-11-03T20:44:48","guid":{"rendered":"https:\/\/radiostudiow.com.br\/site\/?p=44331"},"modified":"2025-11-03T17:44:48","modified_gmt":"2025-11-03T20:44:48","slug":"policia-militar-apreende-veiculo-adulterado-em-general-carneiro","status":"publish","type":"post","link":"https:\/\/radiostudiow.com.br\/site\/2025\/11\/03\/policia-militar-apreende-veiculo-adulterado-em-general-carneiro\/","title":{"rendered":"Pol\u00edcia Militar apreende ve\u00edculo adulterado em General Carneiro"},"content":{"rendered":"\n<figure class=\"wp-block-image size-full\"><img loading=\"lazy\" decoding=\"async\" width=\"897\" height=\"204\" src=\"https:\/\/radiostudiow.com.br\/site\/wp-content\/uploads\/2025\/02\/SITE-GRANDE7.png\" alt=\"\" class=\"wp-image-33861\" srcset=\"https:\/\/radiostudiow.com.br\/site\/wp-content\/uploads\/2025\/02\/SITE-GRANDE7.png 897w, https:\/\/radiostudiow.com.br\/site\/wp-content\/uploads\/2025\/02\/SITE-GRANDE7-300x68.png 300w, https:\/\/radiostudiow.com.br\/site\/wp-content\/uploads\/2025\/02\/SITE-GRANDE7-768x175.png 768w\" sizes=\"auto, (max-width: 897px) 100vw, 897px\" \/><\/figure>\n\n\n\n<p>A equipe da Pol\u00edcia Militar recebeu uma den\u00fancia sobre uma caminhonete Chevrolet S10 branca, suspeita de ser furtada ou clonada, estava na \u00e1rea central de General Carneiro por volta das 08h10min desse domingo (02).<\/p>\n\n\n\n<p>Ao localizar o ve\u00edculo, o condutor foi abordado e identificado, mas nada de il\u00edcito foi encontrado. Ao verificar o chassi, foi constatada uma diverg\u00eancia entre a placa e o n\u00famero do chassi. O condutor confessou que o ve\u00edculo estava em busca e apreens\u00e3o e, para n\u00e3o perd\u00ea-lo, colocou placas de outro carro.<\/p>\n\n\n\n<p>O homem foi preso em flagrante por adultera\u00e7\u00e3o de sinal identificador de ve\u00edculo automotor e encaminhado \u00e0 delegacia para as provid\u00eancias legais.<\/p>\n","protected":false},"excerpt":{"rendered":"<p>A equipe da Pol\u00edcia Militar recebeu uma den\u00fancia sobre uma caminhonete Chevrolet S10 branca, suspeita de ser furtada ou clonada, estava na \u00e1rea central de General Carneiro por volta das 08h10min desse domingo (02). Ao localizar o ve\u00edculo, o condutor foi abordado e identificado, mas nada de il\u00edcito foi encontrado. Ao verificar o chassi, foi [&hellip;]<\/p>\n","protected":false},"author":2,"featured_media":44332,"comment_status":"open","ping_status":"open","sticky":false,"template":"","format":"standard","meta":{"footnotes":""},"categories":[2],"tags":[172],"class_list":["post-44331","post","type-post","status-publish","format-standard","has-post-thumbnail","hentry","category-policial","tag-featured"],"amp_enabled":true,"_links":{"self":[{"href":"https:\/\/radiostudiow.com.br\/site\/wp-json\/wp\/v2\/posts\/44331","targetHints":{"allow":["GET"]}}],"collection":[{"href":"https:\/\/radiostudiow.com.br\/site\/wp-json\/wp\/v2\/posts"}],"about":[{"href":"https:\/\/radiostudiow.com.br\/site\/wp-json\/wp\/v2\/types\/post"}],"author":[{"embeddable":true,"href":"https:\/\/radiostudiow.com.br\/site\/wp-json\/wp\/v2\/users\/2"}],"replies":[{"embeddable":true,"href":"https:\/\/radiostudiow.com.br\/site\/wp-json\/wp\/v2\/comments?post=44331"}],"version-history":[{"count":2,"href":"https:\/\/radiostudiow.com.br\/site\/wp-json\/wp\/v2\/posts\/44331\/revisions"}],"predecessor-version":[{"id":44344,"href":"https:\/\/radiostudiow.com.br\/site\/wp-json\/wp\/v2\/posts\/44331\/revisions\/44344"}],"wp:featuredmedia":[{"embeddable":true,"href":"https:\/\/radiostudiow.com.br\/site\/wp-json\/wp\/v2\/media\/44332"}],"wp:attachment":[{"href":"https:\/\/radiostudiow.com.br\/site\/wp-json\/wp\/v2\/media?parent=44331"}],"wp:term":[{"taxonomy":"category","embeddable":true,"href":"https:\/\/radiostudiow.com.br\/site\/wp-json\/wp\/v2\/categories?post=44331"},{"taxonomy":"post_tag","embeddable":true,"href":"https:\/\/radiostudiow.com.br\/site\/wp-json\/wp\/v2\/tags?post=44331"}],"curies":[{"name":"wp","href":"https:\/\/api.w.org\/{rel}","templated":true}]}}