{"id":44352,"date":"2025-11-03T18:59:10","date_gmt":"2025-11-03T21:59:10","guid":{"rendered":"https:\/\/radiostudiow.com.br\/site\/?p=44352"},"modified":"2025-11-03T18:59:10","modified_gmt":"2025-11-03T21:59:10","slug":"homem-morre-apos-investir-contra-policiais-em-sao-mateus-do-sul","status":"publish","type":"post","link":"https:\/\/radiostudiow.com.br\/site\/2025\/11\/03\/homem-morre-apos-investir-contra-policiais-em-sao-mateus-do-sul\/","title":{"rendered":"Homem morre ap\u00f3s investir contra policiais em S\u00e3o Mateus do Sul"},"content":{"rendered":"\n<figure class=\"wp-block-image size-full\"><img loading=\"lazy\" decoding=\"async\" width=\"897\" height=\"204\" src=\"https:\/\/radiostudiow.com.br\/site\/wp-content\/uploads\/2025\/05\/NUTRI-MALLET.png\" alt=\"\" class=\"wp-image-37813\" srcset=\"https:\/\/radiostudiow.com.br\/site\/wp-content\/uploads\/2025\/05\/NUTRI-MALLET.png 897w, https:\/\/radiostudiow.com.br\/site\/wp-content\/uploads\/2025\/05\/NUTRI-MALLET-300x68.png 300w, https:\/\/radiostudiow.com.br\/site\/wp-content\/uploads\/2025\/05\/NUTRI-MALLET-768x175.png 768w\" sizes=\"auto, (max-width: 897px) 100vw, 897px\" \/><\/figure>\n\n\n\n<p>Um homem foi atingido por disparos de arma de fogo ap\u00f3s investir contra uma equipe da Pol\u00edcia Militar durante atendimento de uma situa\u00e7\u00e3o de viol\u00eancia dom\u00e9stica na localidade de Rio das Pedras, interior de S\u00e3o Mateus do Sul nesse s\u00e1bado (01\u00b0).<\/p>\n\n\n\n<p>De acordo com as informa\u00e7\u00f5es, o homem armado com um fac\u00e3o foi em dire\u00e7\u00e3o aos policiais para tentar golpear, momento que os militares reagiram efetuando disparos para conter a agress\u00e3o. O homem foi atingido e caiu logo em seguida.<\/p>\n\n\n\n<p>De imediato o Servi\u00e7o de Atendimento M\u00f3vel de Urg\u00eancia (SAMU) foi acionado, mas apenas p\u00f4de constatar o \u00f3bito ainda no local. O homem foi identificado comoLauro Ribeiro Moreira, de 48 anos.<\/p>\n\n\n\n<p>O autor possu\u00eda antecedentes criminais, incluindo um homic\u00eddio, pro\u00e9m, foi confirmado que a morte ocorreu em leg\u00edtima defesa, durante uma interven\u00e7\u00e3o da Pol\u00edcia Militar. Ele era investigado por suposto aliciamento contra sua pr\u00f3pria m\u00e3e, uma idosa de 80 anos.<\/p>\n\n\n\n<p>O local foi isolado para os trabalhos da Pol\u00edcia Civil, Instituto de Criminal\u00edstica e IML de Uni\u00e3o da Vit\u00f3ria, respons\u00e1veis pela per\u00edcia e remo\u00e7\u00e3o do corpo.<\/p>\n\n\n\n<figure class=\"wp-block-image size-full\"><img loading=\"lazy\" decoding=\"async\" width=\"598\" height=\"204\" src=\"https:\/\/radiostudiow.com.br\/site\/wp-content\/uploads\/2024\/10\/labirati.png\" alt=\"\" class=\"wp-image-28854\" srcset=\"https:\/\/radiostudiow.com.br\/site\/wp-content\/uploads\/2024\/10\/labirati.png 598w, https:\/\/radiostudiow.com.br\/site\/wp-content\/uploads\/2024\/10\/labirati-300x102.png 300w\" sizes=\"auto, (max-width: 598px) 100vw, 598px\" \/><\/figure>\n","protected":false},"excerpt":{"rendered":"<p>Um homem foi atingido por disparos de arma de fogo ap\u00f3s investir contra uma equipe da Pol\u00edcia Militar durante atendimento de uma situa\u00e7\u00e3o de viol\u00eancia dom\u00e9stica na localidade de Rio das Pedras, interior de S\u00e3o Mateus do Sul nesse s\u00e1bado (01\u00b0). De acordo com as informa\u00e7\u00f5es, o homem armado com um fac\u00e3o foi em dire\u00e7\u00e3o [&hellip;]<\/p>\n","protected":false},"author":2,"featured_media":44354,"comment_status":"open","ping_status":"open","sticky":false,"template":"","format":"standard","meta":{"footnotes":""},"categories":[2],"tags":[172],"class_list":["post-44352","post","type-post","status-publish","format-standard","has-post-thumbnail","hentry","category-policial","tag-featured"],"amp_enabled":true,"_links":{"self":[{"href":"https:\/\/radiostudiow.com.br\/site\/wp-json\/wp\/v2\/posts\/44352","targetHints":{"allow":["GET"]}}],"collection":[{"href":"https:\/\/radiostudiow.com.br\/site\/wp-json\/wp\/v2\/posts"}],"about":[{"href":"https:\/\/radiostudiow.com.br\/site\/wp-json\/wp\/v2\/types\/post"}],"author":[{"embeddable":true,"href":"https:\/\/radiostudiow.com.br\/site\/wp-json\/wp\/v2\/users\/2"}],"replies":[{"embeddable":true,"href":"https:\/\/radiostudiow.com.br\/site\/wp-json\/wp\/v2\/comments?post=44352"}],"version-history":[{"count":1,"href":"https:\/\/radiostudiow.com.br\/site\/wp-json\/wp\/v2\/posts\/44352\/revisions"}],"predecessor-version":[{"id":44353,"href":"https:\/\/radiostudiow.com.br\/site\/wp-json\/wp\/v2\/posts\/44352\/revisions\/44353"}],"wp:featuredmedia":[{"embeddable":true,"href":"https:\/\/radiostudiow.com.br\/site\/wp-json\/wp\/v2\/media\/44354"}],"wp:attachment":[{"href":"https:\/\/radiostudiow.com.br\/site\/wp-json\/wp\/v2\/media?parent=44352"}],"wp:term":[{"taxonomy":"category","embeddable":true,"href":"https:\/\/radiostudiow.com.br\/site\/wp-json\/wp\/v2\/categories?post=44352"},{"taxonomy":"post_tag","embeddable":true,"href":"https:\/\/radiostudiow.com.br\/site\/wp-json\/wp\/v2\/tags?post=44352"}],"curies":[{"name":"wp","href":"https:\/\/api.w.org\/{rel}","templated":true}]}}