{"id":44403,"date":"2025-11-04T18:33:01","date_gmt":"2025-11-04T21:33:01","guid":{"rendered":"https:\/\/radiostudiow.com.br\/site\/?p=44403"},"modified":"2025-11-04T18:33:02","modified_gmt":"2025-11-04T21:33:02","slug":"parana-abre-concurso-publico-com-60-vagas-e-salarios-de-r-129-mil","status":"publish","type":"post","link":"https:\/\/radiostudiow.com.br\/site\/2025\/11\/04\/parana-abre-concurso-publico-com-60-vagas-e-salarios-de-r-129-mil\/","title":{"rendered":"Paran\u00e1 abre concurso p\u00fablico com 60 vagas e sal\u00e1rios de R$ 12,9 mil"},"content":{"rendered":"\n<figure class=\"wp-block-image size-full\"><img loading=\"lazy\" decoding=\"async\" width=\"897\" height=\"204\" src=\"https:\/\/radiostudiow.com.br\/site\/wp-content\/uploads\/2025\/01\/SITE-GRANDE4.png\" alt=\"\" class=\"wp-image-32888\" srcset=\"https:\/\/radiostudiow.com.br\/site\/wp-content\/uploads\/2025\/01\/SITE-GRANDE4.png 897w, https:\/\/radiostudiow.com.br\/site\/wp-content\/uploads\/2025\/01\/SITE-GRANDE4-300x68.png 300w, https:\/\/radiostudiow.com.br\/site\/wp-content\/uploads\/2025\/01\/SITE-GRANDE4-768x175.png 768w\" sizes=\"auto, (max-width: 897px) 100vw, 897px\" \/><\/figure>\n\n\n\n<p>A Secretaria de Estado de Fazenda do Paran\u00e1 (Sefa) abriu um concurso p\u00fablico com 60 vagas para o cargo de Agente Fazend\u00e1rio Estadual, com sal\u00e1rios s\u00e3o de R$ 12.960,00, com carga hor\u00e1ria de 40 horas semanais nesta segunda-feira (03).<\/p>\n\n\n\n<p>Segundo&nbsp;<a href=\"https:\/\/rpc-exclusivo-jornalismo.s3.dualstack.us-east-1.amazonaws.com\/8763913329F7C6CB39002E9AE9D2E7C2A447DFDAFD5423B1F75CA9616A928735.pdf\" target=\"_blank\" rel=\"noreferrer noopener\">edital<\/a>, os contratados poder\u00e3o ser locados para atuar em qualquer unidade da Secretaria de Estado da Fazenda ou da Receita Estadual, tanto em&nbsp;Curitiba&nbsp;quanto no interior do Paran\u00e1. O agente fazend\u00e1rio atua no equil\u00edbrio das contas do estado, al\u00e9m disso, \u00e9 respons\u00e1vel pela fiscaliza\u00e7\u00e3o e transpar\u00eancia dos recursos p\u00fablicos.<\/p>\n\n\n\n<h2 class=\"wp-block-heading\">Veja vagas e sal\u00e1rios<\/h2>\n\n\n\n<ul class=\"wp-block-list\">\n<li><strong>Agente Fazend\u00e1rio Estadual &#8211; Fun\u00e7\u00e3o: Administrador\u00a0<\/strong>&#8211; 12 vagas + cadastro reserva &#8211; sal\u00e1rio de R$ 12.960,00;<\/li>\n\n\n\n<li><strong>Agente Fazend\u00e1rio Estadual \u2013 Fun\u00e7\u00e3o: Analista Fazend\u00e1rio\u00a0<\/strong>&#8211; 9 vagas + cadastro reserva &#8211; sal\u00e1rio de R$ 12.960,00;<\/li>\n\n\n\n<li><strong>Agente Fazend\u00e1rio Estadual<\/strong>\u00a0<strong>\u2013 Fun\u00e7\u00e3o: Contador<\/strong>\u00a0&#8211; 25 vagas + cadastro reserva &#8211; sal\u00e1rio de R$ 12.960,00;<\/li>\n\n\n\n<li><strong>Agente Fazend\u00e1rio Estadual \u2013 Fun\u00e7\u00e3o: Economista &#8211;\u00a0<\/strong>7 vagas + cadastro reserva &#8211; sal\u00e1rio de R$ 12.960,00;<\/li>\n\n\n\n<li><strong>Agente Fazend\u00e1rio Estadual \u2013 Fun\u00e7\u00e3o: Estat\u00edstico<\/strong>\u00a0&#8211; 1 vaga + cadastro reserva &#8211; sal\u00e1rio de R$ 12.960,00;<\/li>\n\n\n\n<li><strong>Agente Fazend\u00e1rio Estadual \u2013 Fun\u00e7\u00e3o: Profissional de Tecnologia da Informa\u00e7\u00e3o<\/strong>\u00a0&#8211; 6 vagas + cadastro reserva &#8211; sal\u00e1rio de R$ 12.960,00.<\/li>\n<\/ul>\n\n\n\n<figure class=\"wp-block-image size-full\"><img loading=\"lazy\" decoding=\"async\" width=\"897\" height=\"204\" src=\"https:\/\/radiostudiow.com.br\/site\/wp-content\/uploads\/2025\/02\/SITE-GRANDE7.png\" alt=\"\" class=\"wp-image-33861\" srcset=\"https:\/\/radiostudiow.com.br\/site\/wp-content\/uploads\/2025\/02\/SITE-GRANDE7.png 897w, https:\/\/radiostudiow.com.br\/site\/wp-content\/uploads\/2025\/02\/SITE-GRANDE7-300x68.png 300w, https:\/\/radiostudiow.com.br\/site\/wp-content\/uploads\/2025\/02\/SITE-GRANDE7-768x175.png 768w\" sizes=\"auto, (max-width: 897px) 100vw, 897px\" \/><\/figure>\n\n\n\n<p>As inscri\u00e7\u00f5es podem ser feitas pelo&nbsp;<a href=\"https:\/\/www.cebraspe.org.br\/concursos\/sefa_pr_25\" target=\"_blank\" rel=\"noreferrer noopener\">site do concurso p\u00fablico<\/a>&nbsp;at\u00e9 3 de dezembro, com taxa de R$ 130. Candidatos atendidos por lei t\u00eam at\u00e9 11 de novembro para solicitar isen\u00e7\u00e3o do boleto.<\/p>\n\n\n\n<p>A sele\u00e7\u00e3o acontece em 25 de janeiro de 2026, nas cidades de Curitiba,&nbsp;Londrina,&nbsp;Maring\u00e1&nbsp;e&nbsp;Cascavel. A prova objetiva conta com 130 quest\u00f5es, com disciplinas de conhecimentos b\u00e1sicos e espec\u00edficos.<\/p>\n\n\n\n<p>O concurso p\u00fablico tem validade de dois anos ap\u00f3s a data de publica\u00e7\u00e3o do resultado final, podendo ser prorrogado. O edital, fases das provas objetivas ou discursiva voc\u00ea encontra no site da sua Studio W.<\/p>\n\n\n\n<h2 class=\"wp-block-heading\">Provas<\/h2>\n\n\n\n<p><strong>O concurso de Agente Fazend\u00e1rio Estadual conta com as seguintes fases:<\/strong><\/p>\n\n\n\n<ul class=\"wp-block-list\">\n<li><strong>Prova objetiva 1 (conhecimentos gerais)\u00a0<\/strong>&#8211; de car\u00e1ter eliminat\u00f3rio e classificat\u00f3rio;<\/li>\n\n\n\n<li><strong>Prova objetiva 2 (conhecimentos espec\u00edficos)\u00a0<\/strong>&#8211; de car\u00e1ter eliminat\u00f3rio e classificat\u00f3rio;<\/li>\n\n\n\n<li><strong>Prova discursiva\u00a0<\/strong>&#8211; de car\u00e1ter eliminat\u00f3rio e classificat\u00f3rio.<\/li>\n\n\n\n<li><\/li>\n<\/ul>\n\n\n\n<p class=\"has-text-align-center\"><em>Com informa\u00e7\u00f5es g1 Paran\u00e1<\/em><\/p>\n","protected":false},"excerpt":{"rendered":"<p>A Secretaria de Estado de Fazenda do Paran\u00e1 (Sefa) abriu um concurso p\u00fablico com 60 vagas para o cargo de Agente Fazend\u00e1rio Estadual, com sal\u00e1rios s\u00e3o de R$ 12.960,00, com carga hor\u00e1ria de 40 horas semanais nesta segunda-feira (03). Segundo&nbsp;edital, os contratados poder\u00e3o ser locados para atuar em qualquer unidade da Secretaria de Estado da [&hellip;]<\/p>\n","protected":false},"author":2,"featured_media":44404,"comment_status":"open","ping_status":"open","sticky":false,"template":"","format":"standard","meta":{"footnotes":""},"categories":[7],"tags":[172],"class_list":["post-44403","post","type-post","status-publish","format-standard","has-post-thumbnail","hentry","category-geral","tag-featured"],"amp_enabled":true,"_links":{"self":[{"href":"https:\/\/radiostudiow.com.br\/site\/wp-json\/wp\/v2\/posts\/44403","targetHints":{"allow":["GET"]}}],"collection":[{"href":"https:\/\/radiostudiow.com.br\/site\/wp-json\/wp\/v2\/posts"}],"about":[{"href":"https:\/\/radiostudiow.com.br\/site\/wp-json\/wp\/v2\/types\/post"}],"author":[{"embeddable":true,"href":"https:\/\/radiostudiow.com.br\/site\/wp-json\/wp\/v2\/users\/2"}],"replies":[{"embeddable":true,"href":"https:\/\/radiostudiow.com.br\/site\/wp-json\/wp\/v2\/comments?post=44403"}],"version-history":[{"count":1,"href":"https:\/\/radiostudiow.com.br\/site\/wp-json\/wp\/v2\/posts\/44403\/revisions"}],"predecessor-version":[{"id":44405,"href":"https:\/\/radiostudiow.com.br\/site\/wp-json\/wp\/v2\/posts\/44403\/revisions\/44405"}],"wp:featuredmedia":[{"embeddable":true,"href":"https:\/\/radiostudiow.com.br\/site\/wp-json\/wp\/v2\/media\/44404"}],"wp:attachment":[{"href":"https:\/\/radiostudiow.com.br\/site\/wp-json\/wp\/v2\/media?parent=44403"}],"wp:term":[{"taxonomy":"category","embeddable":true,"href":"https:\/\/radiostudiow.com.br\/site\/wp-json\/wp\/v2\/categories?post=44403"},{"taxonomy":"post_tag","embeddable":true,"href":"https:\/\/radiostudiow.com.br\/site\/wp-json\/wp\/v2\/tags?post=44403"}],"curies":[{"name":"wp","href":"https:\/\/api.w.org\/{rel}","templated":true}]}}