{"id":44406,"date":"2025-11-04T19:28:43","date_gmt":"2025-11-04T22:28:43","guid":{"rendered":"https:\/\/radiostudiow.com.br\/site\/?p=44406"},"modified":"2025-11-04T19:31:12","modified_gmt":"2025-11-04T22:31:12","slug":"tentativa-de-furto-de-cabos-de-energia-deixa-parte-da-ponte-do-rio-iguacu-as-escuras-em-sao-mateus-do-sul","status":"publish","type":"post","link":"https:\/\/radiostudiow.com.br\/site\/2025\/11\/04\/tentativa-de-furto-de-cabos-de-energia-deixa-parte-da-ponte-do-rio-iguacu-as-escuras-em-sao-mateus-do-sul\/","title":{"rendered":"Tentativa de furto de cabos de energia deixa parte da ponte do Rio Igua\u00e7u \u00e0s escuras em S\u00e3o Mateus do Sul"},"content":{"rendered":"\n<p class=\"has-text-align-center\"><em>Da reda\u00e7\u00e3o Portal RDX<\/em><\/p>\n\n\n\n<p>A ponte sobre o Rio Igua\u00e7u, em S\u00e3o Mateus do Sul, ficou parcialmente \u00e0s escuras ap\u00f3s uma tentativa de furto de cabos da rede de ilumina\u00e7\u00e3o na noite desta segunda-feira (03).<\/p>\n\n\n\n<p>Segundo informa\u00e7\u00f5es repassadas ao&nbsp;Portal RDX&nbsp;pela Secretaria de Obras, os criminosos chegaram a cortar todo o cabeamento da estrutura, mas n\u00e3o conseguiram levar os fios.<\/p>\n\n\n\n<p>A a\u00e7\u00e3o criminosa causou a interrup\u00e7\u00e3o do sistema de ilumina\u00e7\u00e3o p\u00fablica da ponte, gerando preocupa\u00e7\u00e3o entre motoristas e pedestres que utilizam o local, principalmente durante o per\u00edodo noturno.<\/p>\n\n\n\n<figure class=\"wp-block-image size-full is-resized\"><img loading=\"lazy\" decoding=\"async\" width=\"1024\" height=\"591\" src=\"https:\/\/radiostudiow.com.br\/site\/wp-content\/uploads\/2025\/09\/CASA-DO-CRIADOR.png\" alt=\"\" class=\"wp-image-42859\" style=\"width:511px;height:auto\" srcset=\"https:\/\/radiostudiow.com.br\/site\/wp-content\/uploads\/2025\/09\/CASA-DO-CRIADOR.png 1024w, https:\/\/radiostudiow.com.br\/site\/wp-content\/uploads\/2025\/09\/CASA-DO-CRIADOR-300x173.png 300w, https:\/\/radiostudiow.com.br\/site\/wp-content\/uploads\/2025\/09\/CASA-DO-CRIADOR-768x443.png 768w\" sizes=\"auto, (max-width: 1024px) 100vw, 1024px\" \/><\/figure>\n\n\n\n<p>O setor respons\u00e1vel pela ilumina\u00e7\u00e3o p\u00fablica do Munic\u00edpio informou que o problema foi identificado ainda na noite de segunda-feira e que a Prefeitura Municipal j\u00e1 est\u00e1 tomando provid\u00eancias para o reparo da fia\u00e7\u00e3o e restabelecimento da ilumina\u00e7\u00e3o. Ele tamb\u00e9m ressaltou a import\u00e2ncia da colabora\u00e7\u00e3o da popula\u00e7\u00e3o, denunciando qualquer atividade suspeita \u00e0s autoridades.<\/p>\n\n\n\n<p>A reportagem da&nbsp;RDX&nbsp;ainda recebeu o relato de moradores que residem entre a rua Evaldo Gaensly e rio Igua\u00e7u, afirmando que na noite desta segunda-feira acabaram ficando sem energia el\u00e9trica, por conta dos atos de vandalismo.<\/p>\n\n\n\n<p>A Prefeitura afirmou que estuda medidas de refor\u00e7o na seguran\u00e7a do local para evitar novos epis\u00f3dios como este.<\/p>\n\n\n\n<p class=\"has-text-align-center\"><em>Da reda\u00e7\u00e3o Portal RDX<\/em><\/p>\n\n\n\n<figure class=\"wp-block-gallery has-nested-images columns-default is-cropped wp-block-gallery-1 is-layout-flex wp-block-gallery-is-layout-flex\">\n<figure class=\"wp-block-image size-large\"><img loading=\"lazy\" decoding=\"async\" width=\"300\" height=\"180\" data-id=\"39582\" src=\"https:\/\/radiostudiow.com.br\/site\/wp-content\/uploads\/2025\/06\/PLAY-HALL.png\" alt=\"\" class=\"wp-image-39582\"\/><\/figure>\n\n\n\n<figure class=\"wp-block-image size-large\"><img loading=\"lazy\" decoding=\"async\" width=\"300\" height=\"180\" data-id=\"38014\" src=\"https:\/\/radiostudiow.com.br\/site\/wp-content\/uploads\/2025\/05\/VANE.png\" alt=\"\" class=\"wp-image-38014\"\/><\/figure>\n<\/figure>\n\n\n\n<figure class=\"wp-block-image size-full\"><img loading=\"lazy\" decoding=\"async\" width=\"609\" height=\"706\" src=\"https:\/\/radiostudiow.com.br\/site\/wp-content\/uploads\/2025\/11\/WhatsApp-Image-2025-11-04-at-15.42.48-1-576x1024-1.png\" alt=\"\" class=\"wp-image-44408\" srcset=\"https:\/\/radiostudiow.com.br\/site\/wp-content\/uploads\/2025\/11\/WhatsApp-Image-2025-11-04-at-15.42.48-1-576x1024-1.png 609w, https:\/\/radiostudiow.com.br\/site\/wp-content\/uploads\/2025\/11\/WhatsApp-Image-2025-11-04-at-15.42.48-1-576x1024-1-259x300.png 259w\" sizes=\"auto, (max-width: 609px) 100vw, 609px\" \/><\/figure>\n","protected":false},"excerpt":{"rendered":"<p>Da reda\u00e7\u00e3o Portal RDX A ponte sobre o Rio Igua\u00e7u, em S\u00e3o Mateus do Sul, ficou parcialmente \u00e0s escuras ap\u00f3s uma tentativa de furto de cabos da rede de ilumina\u00e7\u00e3o na noite desta segunda-feira (03). Segundo informa\u00e7\u00f5es repassadas ao&nbsp;Portal RDX&nbsp;pela Secretaria de Obras, os criminosos chegaram a cortar todo o cabeamento da estrutura, mas n\u00e3o [&hellip;]<\/p>\n","protected":false},"author":2,"featured_media":44407,"comment_status":"open","ping_status":"open","sticky":false,"template":"","format":"standard","meta":{"footnotes":""},"categories":[2],"tags":[172],"class_list":["post-44406","post","type-post","status-publish","format-standard","has-post-thumbnail","hentry","category-policial","tag-featured"],"amp_enabled":true,"_links":{"self":[{"href":"https:\/\/radiostudiow.com.br\/site\/wp-json\/wp\/v2\/posts\/44406","targetHints":{"allow":["GET"]}}],"collection":[{"href":"https:\/\/radiostudiow.com.br\/site\/wp-json\/wp\/v2\/posts"}],"about":[{"href":"https:\/\/radiostudiow.com.br\/site\/wp-json\/wp\/v2\/types\/post"}],"author":[{"embeddable":true,"href":"https:\/\/radiostudiow.com.br\/site\/wp-json\/wp\/v2\/users\/2"}],"replies":[{"embeddable":true,"href":"https:\/\/radiostudiow.com.br\/site\/wp-json\/wp\/v2\/comments?post=44406"}],"version-history":[{"count":4,"href":"https:\/\/radiostudiow.com.br\/site\/wp-json\/wp\/v2\/posts\/44406\/revisions"}],"predecessor-version":[{"id":44426,"href":"https:\/\/radiostudiow.com.br\/site\/wp-json\/wp\/v2\/posts\/44406\/revisions\/44426"}],"wp:featuredmedia":[{"embeddable":true,"href":"https:\/\/radiostudiow.com.br\/site\/wp-json\/wp\/v2\/media\/44407"}],"wp:attachment":[{"href":"https:\/\/radiostudiow.com.br\/site\/wp-json\/wp\/v2\/media?parent=44406"}],"wp:term":[{"taxonomy":"category","embeddable":true,"href":"https:\/\/radiostudiow.com.br\/site\/wp-json\/wp\/v2\/categories?post=44406"},{"taxonomy":"post_tag","embeddable":true,"href":"https:\/\/radiostudiow.com.br\/site\/wp-json\/wp\/v2\/tags?post=44406"}],"curies":[{"name":"wp","href":"https:\/\/api.w.org\/{rel}","templated":true}]}}