{"id":44432,"date":"2025-11-05T09:56:08","date_gmt":"2025-11-05T12:56:08","guid":{"rendered":"https:\/\/radiostudiow.com.br\/site\/?p=44432"},"modified":"2025-11-05T09:56:08","modified_gmt":"2025-11-05T12:56:08","slug":"outubro-rosa-sicredi-centro-sul-pr-sc-rj-mobiliza-mais-de-760-mulheres-em-dois-grandes-eventos","status":"publish","type":"post","link":"https:\/\/radiostudiow.com.br\/site\/2025\/11\/05\/outubro-rosa-sicredi-centro-sul-pr-sc-rj-mobiliza-mais-de-760-mulheres-em-dois-grandes-eventos\/","title":{"rendered":"Outubro Rosa Sicredi Centro Sul PR\/SC\/RJ mobiliza mais de 760 mulheres em dois grandes eventos"},"content":{"rendered":"\n<p class=\"has-text-align-center\"><em>O evento tamb\u00e9m contou com uma a\u00e7\u00e3o solid\u00e1ria de arrecada\u00e7\u00e3o de alimentos<\/em><\/p>\n\n\n\n<p>A Sicredi Centro Sul PR\/SC\/RJ realizou mais uma edi\u00e7\u00e3o do seu tradicional evento em apoio ao Outubro Rosa, reunindo mais de 760 mulheres das 36 ag\u00eancias da \u00e1rea de atua\u00e7\u00e3o da cooperativa. Dividido em dois encontros, o evento promoveu informa\u00e7\u00e3o, acolhimento e conscientiza\u00e7\u00e3o sobre sa\u00fade f\u00edsica, mental e emocional.<\/p>\n\n\n\n<p>A 12\u00aa edi\u00e7\u00e3o, realizada em Irati (PR), contou com a presen\u00e7a de 480 mulheres dos estados do Paran\u00e1 e Santa Catarina. J\u00e1 a 4\u00aa edi\u00e7\u00e3o no Rio de Janeiro aconteceu em Campos dos Goytacazes, reunindo 280 participantes das regi\u00f5es Norte, Noroeste Fluminense e dos Lagos.<\/p>\n\n\n\n<figure class=\"wp-block-image size-full\"><img loading=\"lazy\" decoding=\"async\" width=\"897\" height=\"204\" src=\"https:\/\/radiostudiow.com.br\/site\/wp-content\/uploads\/2025\/01\/SITE-GRANDE3.png\" alt=\"\" class=\"wp-image-32900\" srcset=\"https:\/\/radiostudiow.com.br\/site\/wp-content\/uploads\/2025\/01\/SITE-GRANDE3.png 897w, https:\/\/radiostudiow.com.br\/site\/wp-content\/uploads\/2025\/01\/SITE-GRANDE3-300x68.png 300w, https:\/\/radiostudiow.com.br\/site\/wp-content\/uploads\/2025\/01\/SITE-GRANDE3-768x175.png 768w\" sizes=\"auto, (max-width: 897px) 100vw, 897px\" \/><\/figure>\n\n\n\n<p>Com foco na promo\u00e7\u00e3o do autocuidado e na cria\u00e7\u00e3o de uma rede de apoio entre as participantes, a programa\u00e7\u00e3o trouxe palestras inspiradoras e momentos de troca e reflex\u00e3o. <strong>Entre os destaques, estiveram:<\/strong> <em>A Dra. Manuela Queiroz Azevedo, m\u00e9dica com mais de 10 anos de experi\u00eancia, conhecida por sua abordagem acolhedora e humanizada. Sua palestra foi um convite \u00e0 reflex\u00e3o sobre sa\u00fade integral, preven\u00e7\u00e3o e prop\u00f3sito de vida.<\/em><\/p>\n\n\n\n<p>J\u00e1 Ana Maria Canton, especialista em comportamento humano e intelig\u00eancia emocional, com s\u00f3lida trajet\u00f3ria em lideran\u00e7a e neuroci\u00eancia, inspirou e emocionou toda a plateia com a sua hist\u00f3ria, al\u00e9m de motivar o protagonismo feminino, com o lema<strong> <em>\u201cEu sou protagonista da minha hist\u00f3ria.\u201d<\/em><\/strong><\/p>\n\n\n\n<div class=\"wp-block-media-text is-stacked-on-mobile\" style=\"grid-template-columns:55% auto\"><figure class=\"wp-block-media-text__media\"><img loading=\"lazy\" decoding=\"async\" width=\"1024\" height=\"683\" src=\"https:\/\/radiostudiow.com.br\/site\/wp-content\/uploads\/2025\/11\/Outubro-Rosa-PR-SC-1024x683.jpg\" alt=\"\" class=\"wp-image-44434 size-full\" srcset=\"https:\/\/radiostudiow.com.br\/site\/wp-content\/uploads\/2025\/11\/Outubro-Rosa-PR-SC-1024x683.jpg 1024w, https:\/\/radiostudiow.com.br\/site\/wp-content\/uploads\/2025\/11\/Outubro-Rosa-PR-SC-300x200.jpg 300w, https:\/\/radiostudiow.com.br\/site\/wp-content\/uploads\/2025\/11\/Outubro-Rosa-PR-SC-768x512.jpg 768w, https:\/\/radiostudiow.com.br\/site\/wp-content\/uploads\/2025\/11\/Outubro-Rosa-PR-SC-1536x1024.jpg 1536w, https:\/\/radiostudiow.com.br\/site\/wp-content\/uploads\/2025\/11\/Outubro-Rosa-PR-SC-2048x1365.jpg 2048w\" sizes=\"auto, (max-width: 1024px) 100vw, 1024px\" \/><\/figure><div class=\"wp-block-media-text__content\">\n<p>O presidente da Sicredi Centro Sul PR\/SC\/RJ, Santo Cappellari, idealizador do evento, destacou a import\u00e2ncia da iniciativa: <strong><em>\u201cEste evento j\u00e1 se tornou um s\u00edmbolo em nosso calend\u00e1rio. Por meio dele, levamos uma mensagem de carinho \u00e0s nossas associadas. Os relatos que recebemos de mulheres que saem motivadas e em busca de mais autocuidado nos inspiram a realizar novas edi\u00e7\u00f5es a cada ano.\u201d<\/em><\/strong><\/p>\n<\/div><\/div>\n\n\n\n<h2 class=\"wp-block-heading\">Solidariedade em a\u00e7\u00e3o: arrecada\u00e7\u00e3o de alimentos<\/h2>\n\n\n\n<p>Al\u00e9m do car\u00e1ter informativo e inspirador, o evento tamb\u00e9m teve um prop\u00f3sito social. As participantes foram convidadas a doar 1 kg de alimento n\u00e3o perec\u00edvel, e um sorteio definiu uma ag\u00eancia contemplada em cada estado para realizar a entrega:<\/p>\n\n\n\n<p><strong>&#8211;  <\/strong>No Rio de Janeiro, a ag\u00eancia de Santo Ant\u00f4nio de P\u00e1dua foi sorteada e doou<br>240 kg de alimentos ao LEAN \u2013 Lar Evangelho Anci\u00e3o.<br><strong>&#8211;  <\/strong>No Paran\u00e1, a ag\u00eancia de Rio Azul foi a escolhida, destinando mais de 400 kg<br>de alimentos ao Lar dos Velhinhos.<\/p>\n\n\n\n<p><strong>Sobre o Sicredi: <\/strong><em>O Sicredi \u00e9 uma institui\u00e7\u00e3o financeira cooperativa comprometida com o crescimento de seus associados e com o desenvolvimento das regi\u00f5es onde atua. Possui um modelo de gest\u00e3o que valoriza a participa\u00e7\u00e3o dos mais de 9,5 milh\u00f5es de associados, que exercem o papel de donos do neg\u00f3cio. Com mais de 3 mil ag\u00eancias, o Sicredi est\u00e1 presente fisicamente em todos os estados brasileiros e no Distrito Federal, disponibilizando uma gama completa de solu\u00e7\u00f5es financeiras e muito mais.<\/em><\/p>\n","protected":false},"excerpt":{"rendered":"<p>O evento tamb\u00e9m contou com uma a\u00e7\u00e3o solid\u00e1ria de arrecada\u00e7\u00e3o de alimentos A Sicredi Centro Sul PR\/SC\/RJ realizou mais uma edi\u00e7\u00e3o do seu tradicional evento em apoio ao Outubro Rosa, reunindo mais de 760 mulheres das 36 ag\u00eancias da \u00e1rea de atua\u00e7\u00e3o da cooperativa. Dividido em dois encontros, o evento promoveu informa\u00e7\u00e3o, acolhimento e conscientiza\u00e7\u00e3o [&hellip;]<\/p>\n","protected":false},"author":2,"featured_media":44433,"comment_status":"open","ping_status":"open","sticky":false,"template":"","format":"standard","meta":{"footnotes":""},"categories":[7],"tags":[172],"class_list":["post-44432","post","type-post","status-publish","format-standard","has-post-thumbnail","hentry","category-geral","tag-featured"],"amp_enabled":true,"_links":{"self":[{"href":"https:\/\/radiostudiow.com.br\/site\/wp-json\/wp\/v2\/posts\/44432","targetHints":{"allow":["GET"]}}],"collection":[{"href":"https:\/\/radiostudiow.com.br\/site\/wp-json\/wp\/v2\/posts"}],"about":[{"href":"https:\/\/radiostudiow.com.br\/site\/wp-json\/wp\/v2\/types\/post"}],"author":[{"embeddable":true,"href":"https:\/\/radiostudiow.com.br\/site\/wp-json\/wp\/v2\/users\/2"}],"replies":[{"embeddable":true,"href":"https:\/\/radiostudiow.com.br\/site\/wp-json\/wp\/v2\/comments?post=44432"}],"version-history":[{"count":1,"href":"https:\/\/radiostudiow.com.br\/site\/wp-json\/wp\/v2\/posts\/44432\/revisions"}],"predecessor-version":[{"id":44435,"href":"https:\/\/radiostudiow.com.br\/site\/wp-json\/wp\/v2\/posts\/44432\/revisions\/44435"}],"wp:featuredmedia":[{"embeddable":true,"href":"https:\/\/radiostudiow.com.br\/site\/wp-json\/wp\/v2\/media\/44433"}],"wp:attachment":[{"href":"https:\/\/radiostudiow.com.br\/site\/wp-json\/wp\/v2\/media?parent=44432"}],"wp:term":[{"taxonomy":"category","embeddable":true,"href":"https:\/\/radiostudiow.com.br\/site\/wp-json\/wp\/v2\/categories?post=44432"},{"taxonomy":"post_tag","embeddable":true,"href":"https:\/\/radiostudiow.com.br\/site\/wp-json\/wp\/v2\/tags?post=44432"}],"curies":[{"name":"wp","href":"https:\/\/api.w.org\/{rel}","templated":true}]}}