{"id":44445,"date":"2025-11-05T20:50:04","date_gmt":"2025-11-05T23:50:04","guid":{"rendered":"https:\/\/radiostudiow.com.br\/site\/?p=44445"},"modified":"2025-11-05T20:50:36","modified_gmt":"2025-11-05T23:50:36","slug":"jovem-e-condenado-por-tentativa-de-homicidio-em-uniao-da-vitoria","status":"publish","type":"post","link":"https:\/\/radiostudiow.com.br\/site\/2025\/11\/05\/jovem-e-condenado-por-tentativa-de-homicidio-em-uniao-da-vitoria\/","title":{"rendered":"Jovem \u00e9 condenado por tentativa de homic\u00eddio em Uni\u00e3o da Vit\u00f3ria"},"content":{"rendered":"\n<figure class=\"wp-block-image size-full\"><img loading=\"lazy\" decoding=\"async\" width=\"897\" height=\"204\" src=\"https:\/\/radiostudiow.com.br\/site\/wp-content\/uploads\/2025\/03\/BARAO-NOVO-NOTICIAS-1.jpg\" alt=\"\" class=\"wp-image-35084\" srcset=\"https:\/\/radiostudiow.com.br\/site\/wp-content\/uploads\/2025\/03\/BARAO-NOVO-NOTICIAS-1.jpg 897w, https:\/\/radiostudiow.com.br\/site\/wp-content\/uploads\/2025\/03\/BARAO-NOVO-NOTICIAS-1-300x68.jpg 300w, https:\/\/radiostudiow.com.br\/site\/wp-content\/uploads\/2025\/03\/BARAO-NOVO-NOTICIAS-1-768x175.jpg 768w\" sizes=\"auto, (max-width: 897px) 100vw, 897px\" \/><\/figure>\n\n\n\n<p>O jovem\u00a0Darlan, de 22 anos, foi condenado nesta\u00a0quarta-feira, 5,\u00a0\u00a0a\u00a05 anos e 2 meses de pris\u00e3o\u00a0pelo crime de\u00a0tentativa de homic\u00eddio\u00a0contra\u00a0um homem\u00a0de 40 anos, que vive em situa\u00e7\u00e3o de rua e usu\u00e1rio de drogas.<\/p>\n\n\n\n<p>O\u00a0j\u00fari popular\u00a0teve in\u00edcio por volta das 9h e se estendeu at\u00e9 o fim da tarde. Ao longo do dia, foram ouvidas\u00a0testemunhas, informantes, a v\u00edtima e o pr\u00f3prio r\u00e9u, que apresentaram suas vers\u00f5es sobre o caso.<\/p>\n\n\n\n<p>O\u00a0conselho de senten\u00e7a\u00a0acolheu a den\u00fancia apresentada pelo\u00a0Minist\u00e9rio P\u00fablico, resultando na condena\u00e7\u00e3o de Darlan, que j\u00e1 se encontra preso na cadeia p\u00fablica de Uni\u00e3o da Vit\u00f3ria.<\/p>\n\n\n\n<p>O Minist\u00e9rio P\u00fablico foi representado pelo\u00a0promotor de Justi\u00e7a Rafael Alencar, enquanto a\u00a0defesa\u00a0ficou a cargo dos advogados\u00a0Matheus Daldin\u00a0e\u00a0Jo\u00e3o Maria dos Santos. A sess\u00e3o foi presidida pelo\u00a0juiz Ivan Buatim.<\/p>\n\n\n\n<figure class=\"wp-block-image size-full\"><img loading=\"lazy\" decoding=\"async\" width=\"598\" height=\"204\" src=\"https:\/\/radiostudiow.com.br\/site\/wp-content\/uploads\/2025\/01\/SITE-MEDIO7.png\" alt=\"\" class=\"wp-image-32801\" srcset=\"https:\/\/radiostudiow.com.br\/site\/wp-content\/uploads\/2025\/01\/SITE-MEDIO7.png 598w, https:\/\/radiostudiow.com.br\/site\/wp-content\/uploads\/2025\/01\/SITE-MEDIO7-300x102.png 300w\" sizes=\"auto, (max-width: 598px) 100vw, 598px\" \/><\/figure>\n\n\n\n<h3 class=\"wp-block-heading\">O caso<\/h3>\n\n\n\n<p>Na madrugada do dia\u00a011 de janeiro deste ano, ap\u00f3s um desentendimento seguido de agress\u00f5es, Darlan desferiu\u00a0tr\u00eas facadas\u00a0em Cleves Daniel Alexandre Agostinho, no\u00a0bairro Rocio, em Uni\u00e3o da Vit\u00f3ria.<\/p>\n\n\n\n<p>Ferido, o homem conseguiu caminhar por algumas quadras at\u00e9 buscar ajuda em um\u00a0posto de combust\u00edvel\u00a0da regi\u00e3o.<\/p>\n\n\n\n<p>O autor foi preso\u00a0no dia seguinte\u00a0e\u00a0confessou o crime, alegando, contudo, ter agido\u00a0em leg\u00edtima defesa.<\/p>\n","protected":false},"excerpt":{"rendered":"<p>O jovem\u00a0Darlan, de 22 anos, foi condenado nesta\u00a0quarta-feira, 5,\u00a0\u00a0a\u00a05 anos e 2 meses de pris\u00e3o\u00a0pelo crime de\u00a0tentativa de homic\u00eddio\u00a0contra\u00a0um homem\u00a0de 40 anos, que vive em situa\u00e7\u00e3o de rua e usu\u00e1rio de drogas. O\u00a0j\u00fari popular\u00a0teve in\u00edcio por volta das 9h e se estendeu at\u00e9 o fim da tarde. Ao longo do dia, foram ouvidas\u00a0testemunhas, informantes, a [&hellip;]<\/p>\n","protected":false},"author":2,"featured_media":33000,"comment_status":"open","ping_status":"open","sticky":false,"template":"","format":"standard","meta":{"footnotes":""},"categories":[2],"tags":[172],"class_list":["post-44445","post","type-post","status-publish","format-standard","has-post-thumbnail","hentry","category-policial","tag-featured"],"amp_enabled":true,"_links":{"self":[{"href":"https:\/\/radiostudiow.com.br\/site\/wp-json\/wp\/v2\/posts\/44445","targetHints":{"allow":["GET"]}}],"collection":[{"href":"https:\/\/radiostudiow.com.br\/site\/wp-json\/wp\/v2\/posts"}],"about":[{"href":"https:\/\/radiostudiow.com.br\/site\/wp-json\/wp\/v2\/types\/post"}],"author":[{"embeddable":true,"href":"https:\/\/radiostudiow.com.br\/site\/wp-json\/wp\/v2\/users\/2"}],"replies":[{"embeddable":true,"href":"https:\/\/radiostudiow.com.br\/site\/wp-json\/wp\/v2\/comments?post=44445"}],"version-history":[{"count":1,"href":"https:\/\/radiostudiow.com.br\/site\/wp-json\/wp\/v2\/posts\/44445\/revisions"}],"predecessor-version":[{"id":44446,"href":"https:\/\/radiostudiow.com.br\/site\/wp-json\/wp\/v2\/posts\/44445\/revisions\/44446"}],"wp:featuredmedia":[{"embeddable":true,"href":"https:\/\/radiostudiow.com.br\/site\/wp-json\/wp\/v2\/media\/33000"}],"wp:attachment":[{"href":"https:\/\/radiostudiow.com.br\/site\/wp-json\/wp\/v2\/media?parent=44445"}],"wp:term":[{"taxonomy":"category","embeddable":true,"href":"https:\/\/radiostudiow.com.br\/site\/wp-json\/wp\/v2\/categories?post=44445"},{"taxonomy":"post_tag","embeddable":true,"href":"https:\/\/radiostudiow.com.br\/site\/wp-json\/wp\/v2\/tags?post=44445"}],"curies":[{"name":"wp","href":"https:\/\/api.w.org\/{rel}","templated":true}]}}