{"id":44456,"date":"2025-11-05T21:30:11","date_gmt":"2025-11-06T00:30:11","guid":{"rendered":"https:\/\/radiostudiow.com.br\/site\/?p=44456"},"modified":"2025-11-05T21:30:12","modified_gmt":"2025-11-06T00:30:12","slug":"tribunal-do-juri-da-comarca-de-irati-pr","status":"publish","type":"post","link":"https:\/\/radiostudiow.com.br\/site\/2025\/11\/05\/tribunal-do-juri-da-comarca-de-irati-pr\/","title":{"rendered":"TRIBUNAL DO J\u00daRI DA COMARCA DE IRATI-PR"},"content":{"rendered":"\n<figure class=\"wp-block-image size-full\"><img loading=\"lazy\" decoding=\"async\" width=\"897\" height=\"204\" src=\"https:\/\/radiostudiow.com.br\/site\/wp-content\/uploads\/2025\/06\/BARROS.png\" alt=\"\" class=\"wp-image-39575\" srcset=\"https:\/\/radiostudiow.com.br\/site\/wp-content\/uploads\/2025\/06\/BARROS.png 897w, https:\/\/radiostudiow.com.br\/site\/wp-content\/uploads\/2025\/06\/BARROS-300x68.png 300w, https:\/\/radiostudiow.com.br\/site\/wp-content\/uploads\/2025\/06\/BARROS-768x175.png 768w\" sizes=\"auto, (max-width: 897px) 100vw, 897px\" \/><\/figure>\n\n\n\n<p><a href=\"https:\/\/www.youtube.com\/c\/TribunaldoJ%C3%BAriTJPR\"><\/a><\/p>\n\n\n\n<figure class=\"wp-block-embed is-type-video is-provider-youtube wp-block-embed-youtube wp-embed-aspect-4-3 wp-has-aspect-ratio\"><div class=\"wp-block-embed__wrapper\">\n<iframe loading=\"lazy\" title=\"TRIBUNAL DO J\u00daRI DA COMARCA DE IRATI-PR\" width=\"740\" height=\"555\" src=\"https:\/\/www.youtube.com\/embed\/vSiOURHD5Ts?feature=oembed\" frameborder=\"0\" allow=\"accelerometer; autoplay; clipboard-write; encrypted-media; gyroscope; picture-in-picture; web-share\" referrerpolicy=\"strict-origin-when-cross-origin\" allowfullscreen><\/iframe>\n<\/div><\/figure>\n\n\n\n<p>RELEMBRE<\/p>\n\n\n\n<p>CINCO JOVENS MORREM EM CHACINA NA VILA S\u00c3O JO\u00c3O EM IRATI<\/p>\n\n\n\n<p>Os cinco jovens que morreram ontem na chacina na Vila S\u00e3o Jo\u00e3o em Irati , S\u00e3o o Danilo Vin\u00edcius Gaioch Conrado de 18 anos, Edinaldo de Souza Nascimento de 33 anos, Alex Cesar Ferreira de 24 anos, Wellington Vieira de Andrade de 21 anos e a Jaine Shaiane Fernandes de 27 anos.<\/p>\n\n\n\n<p>OS JOVENS QUE MORREM TINHA IDADES DE 18, 21, 24, 33 E MULHER DE 28 ANOS<\/p>\n\n\n\n<p>NA NOITE DE ONTEM QUINTA (16) POR VOLTA DAS 20H15, NA RUA ROND\u00d4NIA NA VILA S\u00c3O JO\u00c3O , SEGUNDO INFORMA\u00c7AO VIA 190, NO ENDERE\u00c7O CITADO HOUVE VARIOS DISPAROS DE ARMA DE FOGO.<\/p>\n\n\n\n<p>COM EQUIPES NO LOCAL VERIFICAMOS UMA GRANDE MOVIMENTA\u00c7AO DE PESSOAS EM FRENTE \u00c0 CASA,SENDO INFORMADOS QUE HAVIA PESSOAS ALVEJADAS E QUE POSSIVELMENTE ESTARIAM EM \u00d3BITO.<\/p>\n\n\n\n<figure class=\"wp-block-image size-full is-resized\"><img loading=\"lazy\" decoding=\"async\" width=\"1024\" height=\"591\" src=\"https:\/\/radiostudiow.com.br\/site\/wp-content\/uploads\/2025\/09\/image-61.png\" alt=\"\" class=\"wp-image-42556\" style=\"width:551px;height:auto\" srcset=\"https:\/\/radiostudiow.com.br\/site\/wp-content\/uploads\/2025\/09\/image-61.png 1024w, https:\/\/radiostudiow.com.br\/site\/wp-content\/uploads\/2025\/09\/image-61-300x173.png 300w, https:\/\/radiostudiow.com.br\/site\/wp-content\/uploads\/2025\/09\/image-61-768x443.png 768w\" sizes=\"auto, (max-width: 1024px) 100vw, 1024px\" \/><\/figure>\n\n\n\n<p>COMPARECERAM NO LOCAL EQUIPES DO SAMU E CORPO DE BOMBEIROS, OS QUAIS CONSTATARAM OS \u00d3BITOS DE 04 MASCULINOS E 01 FEMININA, SENDO TRES MASCULINOS CA\u00cdDOS NA RESID\u00caNCIA (24, 18 e 33 anos).<\/p>\n\n\n\n<p>EM OUTRA CASA AO LADO UM CASAL (MULHER 28 E HOMEM 21 ANOS)AMBOS EM OBITO. NO QUARTO DOS FUNDOS ONDE ESTAVA O CASAL MORTO HAVIA DUAS MULHERES, AS QUAIS ESTAVAM EM ESTADO DE CHOQUE E INFORMARAM SEREM IRM\u00c3S DA VITIMA. NO LOCAL FOI CONVERSADO COM OUTRA TESTEMUNHA QUE RELATOU QUE ESTAVA NO LOCAL E INFORMOU \u00c0 EQUIPE QUE POR VOLTA DAS 20H30MIN CHEGARAM TRES MASCULINOS SE IDENTIFICANDO COMO POLICIAIS, SENDO UM ARMADO COM ARMA LONGA CALIBRE 12 E DOIS COM ARMAS CURTAS, TODOS ENCAPUZADOS.<\/p>\n\n\n\n<p>CHEGARAM EFETUANDO DISPAROS, VINDO A ALVEJAR TR\u00caS HOMENS NO PATIO E LOGO EM SEGUIDA ADENTRARAM \u00c0 CASA DOS FUNDOS FOR\u00c7ANDO A PORTA E EFETUARAM TAMB\u00c9M DISPAROS DE ARMA DE FOGO VINDO TAMB\u00c9M A ALVEJAR O CASAL QUE SE ENCONTRAVA DENTRO DA CASA EM UM QUARTO DOS FUNDOS.<\/p>\n\n\n\n<figure class=\"wp-block-image size-full\"><img loading=\"lazy\" decoding=\"async\" width=\"598\" height=\"204\" src=\"https:\/\/radiostudiow.com.br\/site\/wp-content\/uploads\/2024\/10\/labirati.png\" alt=\"\" class=\"wp-image-28854\" srcset=\"https:\/\/radiostudiow.com.br\/site\/wp-content\/uploads\/2024\/10\/labirati.png 598w, https:\/\/radiostudiow.com.br\/site\/wp-content\/uploads\/2024\/10\/labirati-300x102.png 300w\" sizes=\"auto, (max-width: 598px) 100vw, 598px\" \/><\/figure>\n\n\n\n<p>A TESTEMUNHA TAMBEM INFORMOU QUE HAVIA UMA CRIAN\u00c7A NA CASA, FILHO DO CASAL, MAS QUE NADA HAVIA SOFRIDO E QUE HAVIA SIDO ENTREGUE A PARENTES QUE MORAM PROXIMO VITIMA NOME DE JAINE<\/p>\n\n\n\n<p>COMPARECEU NO LOCAL O PERITO E O AUXILIAR DE PERICIA E A EQUIPE DO IML DE UNIAO DA VITORIA, OS QUAIS RECOLHERAM OS CORPOS DA VITIMAS PARA PERICIA. ESTIVERAM NO LOCAL A EQUIPE DA POLICIA CIVIL E GUARDA MUNICIPAL.<\/p>\n\n\n\n<p class=\"has-text-align-center\"><em>INFORMA\u00c7\u00c3O 8\u00b0 CIPM\/IMAGENS DIVULGA\u00c7\u00c3O\/Rep\u00f3rter Kiko de Oliveira<\/em><\/p>\n","protected":false},"excerpt":{"rendered":"<p>RELEMBRE CINCO JOVENS MORREM EM CHACINA NA VILA S\u00c3O JO\u00c3O EM IRATI Os cinco jovens que morreram ontem na chacina na Vila S\u00e3o Jo\u00e3o em Irati , S\u00e3o o Danilo Vin\u00edcius Gaioch Conrado de 18 anos, Edinaldo de Souza Nascimento de 33 anos, Alex Cesar Ferreira de 24 anos, Wellington Vieira de Andrade de 21 [&hellip;]<\/p>\n","protected":false},"author":2,"featured_media":44258,"comment_status":"open","ping_status":"open","sticky":false,"template":"","format":"standard","meta":{"footnotes":""},"categories":[2],"tags":[172],"class_list":["post-44456","post","type-post","status-publish","format-standard","has-post-thumbnail","hentry","category-policial","tag-featured"],"amp_enabled":true,"_links":{"self":[{"href":"https:\/\/radiostudiow.com.br\/site\/wp-json\/wp\/v2\/posts\/44456","targetHints":{"allow":["GET"]}}],"collection":[{"href":"https:\/\/radiostudiow.com.br\/site\/wp-json\/wp\/v2\/posts"}],"about":[{"href":"https:\/\/radiostudiow.com.br\/site\/wp-json\/wp\/v2\/types\/post"}],"author":[{"embeddable":true,"href":"https:\/\/radiostudiow.com.br\/site\/wp-json\/wp\/v2\/users\/2"}],"replies":[{"embeddable":true,"href":"https:\/\/radiostudiow.com.br\/site\/wp-json\/wp\/v2\/comments?post=44456"}],"version-history":[{"count":1,"href":"https:\/\/radiostudiow.com.br\/site\/wp-json\/wp\/v2\/posts\/44456\/revisions"}],"predecessor-version":[{"id":44457,"href":"https:\/\/radiostudiow.com.br\/site\/wp-json\/wp\/v2\/posts\/44456\/revisions\/44457"}],"wp:featuredmedia":[{"embeddable":true,"href":"https:\/\/radiostudiow.com.br\/site\/wp-json\/wp\/v2\/media\/44258"}],"wp:attachment":[{"href":"https:\/\/radiostudiow.com.br\/site\/wp-json\/wp\/v2\/media?parent=44456"}],"wp:term":[{"taxonomy":"category","embeddable":true,"href":"https:\/\/radiostudiow.com.br\/site\/wp-json\/wp\/v2\/categories?post=44456"},{"taxonomy":"post_tag","embeddable":true,"href":"https:\/\/radiostudiow.com.br\/site\/wp-json\/wp\/v2\/tags?post=44456"}],"curies":[{"name":"wp","href":"https:\/\/api.w.org\/{rel}","templated":true}]}}