{"id":44464,"date":"2025-11-06T10:12:50","date_gmt":"2025-11-06T13:12:50","guid":{"rendered":"https:\/\/radiostudiow.com.br\/site\/?p=44464"},"modified":"2025-11-06T10:16:42","modified_gmt":"2025-11-06T13:16:42","slug":"motorista-sem-habilitacao-e-detido-apos-dirigir-em-alta-velocidade-e-subir-em-calcada-em-paulo-frontin","status":"publish","type":"post","link":"https:\/\/radiostudiow.com.br\/site\/2025\/11\/06\/motorista-sem-habilitacao-e-detido-apos-dirigir-em-alta-velocidade-e-subir-em-calcada-em-paulo-frontin\/","title":{"rendered":"Motorista sem habilita\u00e7\u00e3o \u00e9 detido ap\u00f3s dirigir em alta velocidade e subir em cal\u00e7ada em Paulo Frontin"},"content":{"rendered":"\n<figure class=\"wp-block-image size-full\"><img loading=\"lazy\" decoding=\"async\" width=\"897\" height=\"207\" src=\"https:\/\/radiostudiow.com.br\/site\/wp-content\/uploads\/2025\/07\/TIJOLAO.png\" alt=\"\" class=\"wp-image-40184\" srcset=\"https:\/\/radiostudiow.com.br\/site\/wp-content\/uploads\/2025\/07\/TIJOLAO.png 897w, https:\/\/radiostudiow.com.br\/site\/wp-content\/uploads\/2025\/07\/TIJOLAO-300x69.png 300w, https:\/\/radiostudiow.com.br\/site\/wp-content\/uploads\/2025\/07\/TIJOLAO-768x177.png 768w\" sizes=\"auto, (max-width: 897px) 100vw, 897px\" \/><\/figure>\n\n\n\n<p class=\"has-medium-font-size\">Um homem foi detido na noite de quarta-feira (05) ap\u00f3s realizar manobras perigosas com um ve\u00edculo GM Corsa Wind branco no centro de Paulo Frontin. O caso ocorreu por volta das 21h, na Rua 14 de Dezembro, e mobilizou a equipe policial do munic\u00edpio.<\/p>\n\n\n\n<p class=\"has-medium-font-size\"><strong>De acordo com a Pol\u00edcia Militar, os agentes estavam saindo do m\u00f3dulo policial para patrulhamento de rotina quando foram abordados por um transeunte que, em tom de afli\u00e7\u00e3o, relatou que um ve\u00edculo fazia manobras arriscadas, como arrastamento de pneus, excesso de velocidade e saltos sobre lombadas.<\/strong><\/p>\n\n\n\n<p>De imediato os policiais militares se deslocaram at\u00e9 o local indicado e localizaram o carro sobre a cal\u00e7ada, na esquina das ruas Esperan\u00e7a e Jo\u00e3o Treuk, situa\u00e7\u00e3o que colocava pedestres em risco. Pr\u00f3ximo ao ve\u00edculo estavam tr\u00eas homens, que foram identificados pela equipe.<\/p>\n\n\n\n<figure class=\"wp-block-image size-full\"><img loading=\"lazy\" decoding=\"async\" width=\"897\" height=\"204\" src=\"https:\/\/radiostudiow.com.br\/site\/wp-content\/uploads\/2025\/03\/image-62.png\" alt=\"\" class=\"wp-image-35859\" srcset=\"https:\/\/radiostudiow.com.br\/site\/wp-content\/uploads\/2025\/03\/image-62.png 897w, https:\/\/radiostudiow.com.br\/site\/wp-content\/uploads\/2025\/03\/image-62-300x68.png 300w, https:\/\/radiostudiow.com.br\/site\/wp-content\/uploads\/2025\/03\/image-62-768x175.png 768w\" sizes=\"auto, (max-width: 897px) 100vw, 897px\" \/><\/figure>\n\n\n\n<p><\/p>\n\n\n\n<p style=\"font-size:25px\"><strong>Durante a abordagem, constatou-se que o condutor n\u00e3o possu\u00eda Carteira Nacional de Habilita\u00e7\u00e3o (CNH) e que o autom\u00f3vel estava com o licenciamento atrasado desde 2021. O motorista afirmou ter perdido o controle do carro ao fazer uma curva, mas os policiais notaram sinais de embriaguez, como odor et\u00edlico. Ele foi convidado a realizar o teste do baf\u00f4metro, mas recusou, exercendo seu direito legal.<\/strong><\/p>\n\n\n\n<p class=\"has-medium-font-size\">Diante das irregularidades e do perigo gerado \u00e0 coletividade, o ve\u00edculo \u2014 que apresentava pneus carecas e mau estado de conserva\u00e7\u00e3o \u2014 foi removido ao destacamento policial. O condutor do autom\u00f3vel recebeu voz de pris\u00e3o pelo crime previsto no artigo 309 do C\u00f3digo de Tr\u00e2nsito Brasileiro, que trata da dire\u00e7\u00e3o perigosa sem habilita\u00e7\u00e3o.<\/p>\n\n\n\n<figure class=\"wp-block-image size-full\"><img loading=\"lazy\" decoding=\"async\" width=\"897\" height=\"204\" src=\"https:\/\/radiostudiow.com.br\/site\/wp-content\/uploads\/2025\/03\/BARAO-NOVO-NOTICIAS-1.jpg\" alt=\"\" class=\"wp-image-35084\" srcset=\"https:\/\/radiostudiow.com.br\/site\/wp-content\/uploads\/2025\/03\/BARAO-NOVO-NOTICIAS-1.jpg 897w, https:\/\/radiostudiow.com.br\/site\/wp-content\/uploads\/2025\/03\/BARAO-NOVO-NOTICIAS-1-300x68.jpg 300w, https:\/\/radiostudiow.com.br\/site\/wp-content\/uploads\/2025\/03\/BARAO-NOVO-NOTICIAS-1-768x175.jpg 768w\" sizes=\"auto, (max-width: 897px) 100vw, 897px\" \/><\/figure>\n\n\n\n<p><\/p>\n\n\n\n<p>Na sequ\u00eancia, ele foi levado \u00e0 sede do destacamento policial para lavratura do termo circunstanciado, sendo liberado ap\u00f3s assinar compromisso de comparecimento em ju\u00edzo.<\/p>\n\n\n\n<h2 class=\"wp-block-heading\">Fonte: PMPR\/Paulo Frontin<\/h2>\n\n\n\n<p><\/p>\n","protected":false},"excerpt":{"rendered":"<p>Um homem foi detido na noite de quarta-feira (05) ap\u00f3s realizar manobras perigosas com um ve\u00edculo GM Corsa Wind branco no centro de Paulo Frontin. O caso ocorreu por volta das 21h, na Rua 14 de Dezembro, e mobilizou a equipe policial do munic\u00edpio. De acordo com a Pol\u00edcia Militar, os agentes estavam saindo do [&hellip;]<\/p>\n","protected":false},"author":2,"featured_media":44465,"comment_status":"open","ping_status":"open","sticky":false,"template":"","format":"standard","meta":{"footnotes":""},"categories":[2],"tags":[172],"class_list":["post-44464","post","type-post","status-publish","format-standard","has-post-thumbnail","hentry","category-policial","tag-featured"],"amp_enabled":true,"_links":{"self":[{"href":"https:\/\/radiostudiow.com.br\/site\/wp-json\/wp\/v2\/posts\/44464","targetHints":{"allow":["GET"]}}],"collection":[{"href":"https:\/\/radiostudiow.com.br\/site\/wp-json\/wp\/v2\/posts"}],"about":[{"href":"https:\/\/radiostudiow.com.br\/site\/wp-json\/wp\/v2\/types\/post"}],"author":[{"embeddable":true,"href":"https:\/\/radiostudiow.com.br\/site\/wp-json\/wp\/v2\/users\/2"}],"replies":[{"embeddable":true,"href":"https:\/\/radiostudiow.com.br\/site\/wp-json\/wp\/v2\/comments?post=44464"}],"version-history":[{"count":2,"href":"https:\/\/radiostudiow.com.br\/site\/wp-json\/wp\/v2\/posts\/44464\/revisions"}],"predecessor-version":[{"id":44468,"href":"https:\/\/radiostudiow.com.br\/site\/wp-json\/wp\/v2\/posts\/44464\/revisions\/44468"}],"wp:featuredmedia":[{"embeddable":true,"href":"https:\/\/radiostudiow.com.br\/site\/wp-json\/wp\/v2\/media\/44465"}],"wp:attachment":[{"href":"https:\/\/radiostudiow.com.br\/site\/wp-json\/wp\/v2\/media?parent=44464"}],"wp:term":[{"taxonomy":"category","embeddable":true,"href":"https:\/\/radiostudiow.com.br\/site\/wp-json\/wp\/v2\/categories?post=44464"},{"taxonomy":"post_tag","embeddable":true,"href":"https:\/\/radiostudiow.com.br\/site\/wp-json\/wp\/v2\/tags?post=44464"}],"curies":[{"name":"wp","href":"https:\/\/api.w.org\/{rel}","templated":true}]}}