{"id":44474,"date":"2025-11-06T10:47:25","date_gmt":"2025-11-06T13:47:25","guid":{"rendered":"https:\/\/radiostudiow.com.br\/site\/?p=44474"},"modified":"2025-11-06T11:38:24","modified_gmt":"2025-11-06T14:38:24","slug":"operacao-envolve-varias-viaturas-e-helicoptero-ha-suspeita-de-4-obitos","status":"publish","type":"post","link":"https:\/\/radiostudiow.com.br\/site\/2025\/11\/06\/operacao-envolve-varias-viaturas-e-helicoptero-ha-suspeita-de-4-obitos\/","title":{"rendered":"Opera\u00e7\u00e3o Policial Sinergia envolve v\u00e1rias viaturas e helic\u00f3ptero pela regi\u00e3o; h\u00e1 suspeita de 4 \u00f3bitos"},"content":{"rendered":"\n<figure class=\"wp-block-image size-full\"><img loading=\"lazy\" decoding=\"async\" width=\"897\" height=\"204\" src=\"https:\/\/radiostudiow.com.br\/site\/wp-content\/uploads\/2025\/01\/SITE-GRANDE3.png\" alt=\"\" class=\"wp-image-32900\" srcset=\"https:\/\/radiostudiow.com.br\/site\/wp-content\/uploads\/2025\/01\/SITE-GRANDE3.png 897w, https:\/\/radiostudiow.com.br\/site\/wp-content\/uploads\/2025\/01\/SITE-GRANDE3-300x68.png 300w, https:\/\/radiostudiow.com.br\/site\/wp-content\/uploads\/2025\/01\/SITE-GRANDE3-768x175.png 768w\" sizes=\"auto, (max-width: 897px) 100vw, 897px\" \/><\/figure>\n\n\n\n<p class=\"has-text-align-center\"><em>Da reda\u00e7\u00e3o Portal V.Vale<\/em><\/p>\n\n\n\n<p>Uni\u00e3o da Vit\u00f3ria e regi\u00e3o recebem uma opera\u00e7\u00e3o policial de grande porte chamada Sinergia, que visa combater o crime organizado na \u00e1rea. A situa\u00e7\u00e3o foi registrada na manh\u00e3 desta quinta-feira (06).<\/p>\n\n\n\n<p>Segundo informa\u00e7\u00f5es preliminares, houve confronto entre policiais e suspeitos durante o cumprimento das ordens judiciais de envolvimento com atividades il\u00edcitas. De acordo com fontes extraoficiais, quatro pessoas morreram \u2014 tr\u00eas em Uni\u00e3o da Vit\u00f3ria e uma em Bituruna.<\/p>\n\n\n\n<p>Em Uni\u00e3o da Vit\u00f3ria, as equipes atuaram no Conjunto Horst Waldraff, onde ocorreram as tr\u00eas mortes. J\u00e1 em Bituruna, a opera\u00e7\u00e3o se concentrou no bairro Nossa Senhora Aparecida, local onde tamb\u00e9m foi registrado um \u00f3bito.<\/p>\n\n\n\n<figure class=\"wp-block-image size-full\"><img loading=\"lazy\" decoding=\"async\" width=\"598\" height=\"204\" src=\"https:\/\/radiostudiow.com.br\/site\/wp-content\/uploads\/2024\/10\/labirati.png\" alt=\"\" class=\"wp-image-28854\" srcset=\"https:\/\/radiostudiow.com.br\/site\/wp-content\/uploads\/2024\/10\/labirati.png 598w, https:\/\/radiostudiow.com.br\/site\/wp-content\/uploads\/2024\/10\/labirati-300x102.png 300w\" sizes=\"auto, (max-width: 598px) 100vw, 598px\" \/><\/figure>\n\n\n\n<p>A identidade das v\u00edtimas ainda n\u00e3o foram oficialmente divulgadas. As for\u00e7as policiais permanecem nos locais, realizando per\u00edcias e demais procedimentos legais.<\/p>\n\n\n\n<p>A Opera\u00e7\u00e3o Sinergia segue em andamento, e as autoridades devem divulgar informa\u00e7\u00f5es oficiais assim que houver confirma\u00e7\u00e3o sobre os resultados e eventuais pris\u00f5es.<\/p>\n\n\n\n<p>A opera\u00e7\u00e3o Sinergia segue em andamento, e as autoridades prometem fornecer mais detalhes assim que houver confirma\u00e7\u00e3o oficial.&nbsp;<\/p>\n\n\n\n<figure class=\"wp-block-image\" id=\"attachment_588920\"><a href=\"https:\/\/www.vvale.com.br\/seguranca\/operacao-envolve-varias-viaturas-e-helicoptero-ha-suspeita-de-4-obitos\/attachment\/whatsapp-image-2025-11-06-at-07-55-56\/\"><img decoding=\"async\" src=\"https:\/\/static5.vvale.com.br\/wp-content\/uploads\/2025\/11\/WhatsApp-Image-2025-11-06-at-07.55.56-450x600.jpeg\" alt=\"\" class=\"wp-image-588920\"\/><\/a><figcaption class=\"wp-element-caption\">Imagem recebida pelo portal Vvale<\/figcaption><\/figure>\n\n\n\n<figure class=\"wp-block-image size-full\"><img decoding=\"async\" src=\"https:\/\/radiostudiow.com.br\/site\/wp-content\/uploads\/2025\/10\/SUPREMA-BARBA.png\" alt=\"\" class=\"wp-image-44123\"\/><\/figure>\n\n\n\n<figure class=\"wp-block-video\"><video height=\"848\" style=\"aspect-ratio: 480 \/ 848;\" width=\"480\" controls src=\"https:\/\/radiostudiow.com.br\/site\/wp-content\/uploads\/2025\/11\/WhatsApp-Video-2025-11-06-at-07.55.57.mp4\"><\/video><\/figure>\n","protected":false},"excerpt":{"rendered":"<p>Da reda\u00e7\u00e3o Portal V.Vale Uni\u00e3o da Vit\u00f3ria e regi\u00e3o recebem uma opera\u00e7\u00e3o policial de grande porte chamada Sinergia, que visa combater o crime organizado na \u00e1rea. A situa\u00e7\u00e3o foi registrada na manh\u00e3 desta quinta-feira (06). Segundo informa\u00e7\u00f5es preliminares, houve confronto entre policiais e suspeitos durante o cumprimento das ordens judiciais de envolvimento com atividades il\u00edcitas. [&hellip;]<\/p>\n","protected":false},"author":2,"featured_media":44475,"comment_status":"open","ping_status":"open","sticky":false,"template":"","format":"standard","meta":{"footnotes":""},"categories":[2],"tags":[172],"class_list":["post-44474","post","type-post","status-publish","format-standard","has-post-thumbnail","hentry","category-policial","tag-featured"],"amp_enabled":true,"_links":{"self":[{"href":"https:\/\/radiostudiow.com.br\/site\/wp-json\/wp\/v2\/posts\/44474","targetHints":{"allow":["GET"]}}],"collection":[{"href":"https:\/\/radiostudiow.com.br\/site\/wp-json\/wp\/v2\/posts"}],"about":[{"href":"https:\/\/radiostudiow.com.br\/site\/wp-json\/wp\/v2\/types\/post"}],"author":[{"embeddable":true,"href":"https:\/\/radiostudiow.com.br\/site\/wp-json\/wp\/v2\/users\/2"}],"replies":[{"embeddable":true,"href":"https:\/\/radiostudiow.com.br\/site\/wp-json\/wp\/v2\/comments?post=44474"}],"version-history":[{"count":6,"href":"https:\/\/radiostudiow.com.br\/site\/wp-json\/wp\/v2\/posts\/44474\/revisions"}],"predecessor-version":[{"id":44501,"href":"https:\/\/radiostudiow.com.br\/site\/wp-json\/wp\/v2\/posts\/44474\/revisions\/44501"}],"wp:featuredmedia":[{"embeddable":true,"href":"https:\/\/radiostudiow.com.br\/site\/wp-json\/wp\/v2\/media\/44475"}],"wp:attachment":[{"href":"https:\/\/radiostudiow.com.br\/site\/wp-json\/wp\/v2\/media?parent=44474"}],"wp:term":[{"taxonomy":"category","embeddable":true,"href":"https:\/\/radiostudiow.com.br\/site\/wp-json\/wp\/v2\/categories?post=44474"},{"taxonomy":"post_tag","embeddable":true,"href":"https:\/\/radiostudiow.com.br\/site\/wp-json\/wp\/v2\/tags?post=44474"}],"curies":[{"name":"wp","href":"https:\/\/api.w.org\/{rel}","templated":true}]}}