{"id":44487,"date":"2025-11-06T10:59:42","date_gmt":"2025-11-06T13:59:42","guid":{"rendered":"https:\/\/radiostudiow.com.br\/site\/?p=44487"},"modified":"2025-11-06T11:42:19","modified_gmt":"2025-11-06T14:42:19","slug":"policia-militar-apreende-adolescente-por-trafico-de-drogas-em-uniao-da-vitoria","status":"publish","type":"post","link":"https:\/\/radiostudiow.com.br\/site\/2025\/11\/06\/policia-militar-apreende-adolescente-por-trafico-de-drogas-em-uniao-da-vitoria\/","title":{"rendered":"Pol\u00edcia Militar apreende adolescente por tr\u00e1fico de drogas em Uni\u00e3o da Vit\u00f3ria"},"content":{"rendered":"\n<figure class=\"wp-block-image size-full\"><img loading=\"lazy\" decoding=\"async\" width=\"598\" height=\"204\" src=\"https:\/\/radiostudiow.com.br\/site\/wp-content\/uploads\/2025\/05\/POLAK.png\" alt=\"\" class=\"wp-image-37847\" srcset=\"https:\/\/radiostudiow.com.br\/site\/wp-content\/uploads\/2025\/05\/POLAK.png 598w, https:\/\/radiostudiow.com.br\/site\/wp-content\/uploads\/2025\/05\/POLAK-300x102.png 300w\" sizes=\"auto, (max-width: 598px) 100vw, 598px\" \/><\/figure>\n\n\n\n<p>A equipe da Pol\u00edcia Militar de Uni\u00e3o da Vit\u00f3ria tomou conhecimento de uma resid\u00eancia associada a<br>uma adolescente ligada ao tr\u00e1fico de drogas.<\/p>\n\n\n\n<p>Os policiais se deslocaram at\u00e9 o local por volta das 16h30min dessa quarta-feira, 05 de novembro, no bairro S\u00e3o Crist\u00f3v\u00e3o. Ap\u00f3s conversar com a m\u00e3e da ent\u00e3o suspeita, ela autorizou a busca domiciliar.<\/p>\n\n\n\n<p>Durante a busca foram encontradas por\u00e7\u00f5es de haxixe, ecstasy e maconha do tipo murruga. <\/p>\n\n\n\n<p>Diante da situa\u00e7\u00e3o a m\u00e3e foi orientada e a menor apreendida em flagrante sendo encaminhada \u00e0 4\u00aa SDP de Uni\u00e3o da Vit\u00f3ria.<\/p>\n\n\n\n<figure class=\"wp-block-image size-full\"><img loading=\"lazy\" decoding=\"async\" width=\"300\" height=\"180\" src=\"https:\/\/radiostudiow.com.br\/site\/wp-content\/uploads\/2025\/04\/AGRODU.png\" alt=\"\" class=\"wp-image-37219\"\/><\/figure>\n\n\n\n<p><\/p>\n","protected":false},"excerpt":{"rendered":"<p>A equipe da Pol\u00edcia Militar de Uni\u00e3o da Vit\u00f3ria tomou conhecimento de uma resid\u00eancia associada auma adolescente ligada ao tr\u00e1fico de drogas. Os policiais se deslocaram at\u00e9 o local por volta das 16h30min dessa quarta-feira, 05 de novembro, no bairro S\u00e3o Crist\u00f3v\u00e3o. Ap\u00f3s conversar com a m\u00e3e da ent\u00e3o suspeita, ela autorizou a busca domiciliar. [&hellip;]<\/p>\n","protected":false},"author":2,"featured_media":44488,"comment_status":"open","ping_status":"open","sticky":false,"template":"","format":"standard","meta":{"footnotes":""},"categories":[2],"tags":[172],"class_list":["post-44487","post","type-post","status-publish","format-standard","has-post-thumbnail","hentry","category-policial","tag-featured"],"amp_enabled":true,"_links":{"self":[{"href":"https:\/\/radiostudiow.com.br\/site\/wp-json\/wp\/v2\/posts\/44487","targetHints":{"allow":["GET"]}}],"collection":[{"href":"https:\/\/radiostudiow.com.br\/site\/wp-json\/wp\/v2\/posts"}],"about":[{"href":"https:\/\/radiostudiow.com.br\/site\/wp-json\/wp\/v2\/types\/post"}],"author":[{"embeddable":true,"href":"https:\/\/radiostudiow.com.br\/site\/wp-json\/wp\/v2\/users\/2"}],"replies":[{"embeddable":true,"href":"https:\/\/radiostudiow.com.br\/site\/wp-json\/wp\/v2\/comments?post=44487"}],"version-history":[{"count":3,"href":"https:\/\/radiostudiow.com.br\/site\/wp-json\/wp\/v2\/posts\/44487\/revisions"}],"predecessor-version":[{"id":44505,"href":"https:\/\/radiostudiow.com.br\/site\/wp-json\/wp\/v2\/posts\/44487\/revisions\/44505"}],"wp:featuredmedia":[{"embeddable":true,"href":"https:\/\/radiostudiow.com.br\/site\/wp-json\/wp\/v2\/media\/44488"}],"wp:attachment":[{"href":"https:\/\/radiostudiow.com.br\/site\/wp-json\/wp\/v2\/media?parent=44487"}],"wp:term":[{"taxonomy":"category","embeddable":true,"href":"https:\/\/radiostudiow.com.br\/site\/wp-json\/wp\/v2\/categories?post=44487"},{"taxonomy":"post_tag","embeddable":true,"href":"https:\/\/radiostudiow.com.br\/site\/wp-json\/wp\/v2\/tags?post=44487"}],"curies":[{"name":"wp","href":"https:\/\/api.w.org\/{rel}","templated":true}]}}