{"id":44491,"date":"2025-11-06T11:03:37","date_gmt":"2025-11-06T14:03:37","guid":{"rendered":"https:\/\/radiostudiow.com.br\/site\/?p=44491"},"modified":"2025-11-06T11:03:37","modified_gmt":"2025-11-06T14:03:37","slug":"policia-militar-apreende-um-segundo-adolescente-por-trafico-de-drogas","status":"publish","type":"post","link":"https:\/\/radiostudiow.com.br\/site\/2025\/11\/06\/policia-militar-apreende-um-segundo-adolescente-por-trafico-de-drogas\/","title":{"rendered":"Pol\u00edcia Militar apreende um segundo adolescente por traf\u00edco de drogas"},"content":{"rendered":"\n<figure class=\"wp-block-image size-full\"><img loading=\"lazy\" decoding=\"async\" width=\"598\" height=\"204\" src=\"https:\/\/radiostudiow.com.br\/site\/wp-content\/uploads\/2025\/04\/BOROX.png\" alt=\"\" class=\"wp-image-37229\" srcset=\"https:\/\/radiostudiow.com.br\/site\/wp-content\/uploads\/2025\/04\/BOROX.png 598w, https:\/\/radiostudiow.com.br\/site\/wp-content\/uploads\/2025\/04\/BOROX-300x102.png 300w\" sizes=\"auto, (max-width: 598px) 100vw, 598px\" \/><\/figure>\n\n\n\n<p>A equipe da Pol\u00edcia Militar de Uni\u00e3o da Vit\u00f3ria recebeu den\u00fancia an\u00f4nima de tr\u00e1fico de drogas em uma resid\u00eancia no centro da cidade de Uni\u00e3o da Vit\u00f3ria por volta das 07h15min dessa quarta-feira (05).<\/p>\n\n\n\n<p>No local e com autoriza\u00e7\u00e3o da m\u00e3o do adolescente denunciado realizou buscas onde foram encontrados tr\u00eas tabletes e dois inv\u00f3lucros de maconha, totalizando 409,2 gramas, al\u00e9m de uma balan\u00e7a de precis\u00e3o.<\/p>\n\n\n\n<p>Sendo o menor apreendido e levado \u00e0 Central de Flagrantes acompanhado da respons\u00e1vel legal juntamente com o material apreendido.<\/p>\n\n\n\n<figure class=\"wp-block-image size-full\"><img loading=\"lazy\" decoding=\"async\" width=\"300\" height=\"180\" src=\"https:\/\/radiostudiow.com.br\/site\/wp-content\/uploads\/2025\/06\/PLAY-HALL.png\" alt=\"\" class=\"wp-image-39582\"\/><\/figure>\n","protected":false},"excerpt":{"rendered":"<p>A equipe da Pol\u00edcia Militar de Uni\u00e3o da Vit\u00f3ria recebeu den\u00fancia an\u00f4nima de tr\u00e1fico de drogas em uma resid\u00eancia no centro da cidade de Uni\u00e3o da Vit\u00f3ria por volta das 07h15min dessa quarta-feira (05). No local e com autoriza\u00e7\u00e3o da m\u00e3o do adolescente denunciado realizou buscas onde foram encontrados tr\u00eas tabletes e dois inv\u00f3lucros de [&hellip;]<\/p>\n","protected":false},"author":2,"featured_media":44493,"comment_status":"open","ping_status":"open","sticky":false,"template":"","format":"standard","meta":{"footnotes":""},"categories":[2],"tags":[172],"class_list":["post-44491","post","type-post","status-publish","format-standard","has-post-thumbnail","hentry","category-policial","tag-featured"],"amp_enabled":true,"_links":{"self":[{"href":"https:\/\/radiostudiow.com.br\/site\/wp-json\/wp\/v2\/posts\/44491","targetHints":{"allow":["GET"]}}],"collection":[{"href":"https:\/\/radiostudiow.com.br\/site\/wp-json\/wp\/v2\/posts"}],"about":[{"href":"https:\/\/radiostudiow.com.br\/site\/wp-json\/wp\/v2\/types\/post"}],"author":[{"embeddable":true,"href":"https:\/\/radiostudiow.com.br\/site\/wp-json\/wp\/v2\/users\/2"}],"replies":[{"embeddable":true,"href":"https:\/\/radiostudiow.com.br\/site\/wp-json\/wp\/v2\/comments?post=44491"}],"version-history":[{"count":1,"href":"https:\/\/radiostudiow.com.br\/site\/wp-json\/wp\/v2\/posts\/44491\/revisions"}],"predecessor-version":[{"id":44494,"href":"https:\/\/radiostudiow.com.br\/site\/wp-json\/wp\/v2\/posts\/44491\/revisions\/44494"}],"wp:featuredmedia":[{"embeddable":true,"href":"https:\/\/radiostudiow.com.br\/site\/wp-json\/wp\/v2\/media\/44493"}],"wp:attachment":[{"href":"https:\/\/radiostudiow.com.br\/site\/wp-json\/wp\/v2\/media?parent=44491"}],"wp:term":[{"taxonomy":"category","embeddable":true,"href":"https:\/\/radiostudiow.com.br\/site\/wp-json\/wp\/v2\/categories?post=44491"},{"taxonomy":"post_tag","embeddable":true,"href":"https:\/\/radiostudiow.com.br\/site\/wp-json\/wp\/v2\/tags?post=44491"}],"curies":[{"name":"wp","href":"https:\/\/api.w.org\/{rel}","templated":true}]}}