{"id":44509,"date":"2025-11-06T16:59:56","date_gmt":"2025-11-06T19:59:56","guid":{"rendered":"https:\/\/radiostudiow.com.br\/site\/?p=44509"},"modified":"2025-11-06T16:59:56","modified_gmt":"2025-11-06T19:59:56","slug":"idoso-e-preso-suspeito-de-estuprar-a-propria-neta-de-11-anos","status":"publish","type":"post","link":"https:\/\/radiostudiow.com.br\/site\/2025\/11\/06\/idoso-e-preso-suspeito-de-estuprar-a-propria-neta-de-11-anos\/","title":{"rendered":"Idoso \u00e9 preso suspeito de estuprar a pr\u00f3pria neta de 11 anos"},"content":{"rendered":"\n<figure class=\"wp-block-image size-full\"><img loading=\"lazy\" decoding=\"async\" width=\"598\" height=\"204\" src=\"https:\/\/radiostudiow.com.br\/site\/wp-content\/uploads\/2025\/01\/SITE-MEDIO7.png\" alt=\"\" class=\"wp-image-32801\" srcset=\"https:\/\/radiostudiow.com.br\/site\/wp-content\/uploads\/2025\/01\/SITE-MEDIO7.png 598w, https:\/\/radiostudiow.com.br\/site\/wp-content\/uploads\/2025\/01\/SITE-MEDIO7-300x102.png 300w\" sizes=\"auto, (max-width: 598px) 100vw, 598px\" \/><\/figure>\n\n\n\n<p>A equipe da Pol\u00edcia Civil do Paran\u00e1 atrav\u00e9s da 41\u00aa Delegacia Regional de Pol\u00edcia Civil de Irati efetuou a pris\u00e3o de um homem, 72 anos, condenado pelo crime de estupro de vulner\u00e1vel  na manh\u00e3 desta quinta-feira (06).<\/p>\n\n\n\n<p>Delito ocorreu no final de 2018 e consistiu em toques lascivos por parte do apenado contra sua neta, com 11 anos \u00e0 \u00e9poca. O Inqu\u00e9rito Policial correspondente foi instaurado em fevereiro de 2019, ap\u00f3s o encaminhamento do fato \u00e0 Pol\u00edcia Civil, por parte do Conselho Tutelar. Ap\u00f3s o devido processo legal, o autor foi condenado a mais de 19 de reclus\u00e3o pelo crime de estupro de vulner\u00e1vel.<\/p>\n\n\n\n<p>Na manh\u00e3 desta quinta-feira, agentes da Delegacia de Pol\u00edcia Civil de Irati, ao tomarem conhecimento do decreto prisional, efetuaram dilig\u00eancias com a finalidade de localizar o autor do crime e obtiveram \u00eaxito em localiz\u00e1-lo, efetuando, assim, sua captura e, dando cumprimento ao mandado judicial de pris\u00e3o.<\/p>\n\n\n\n<figure class=\"wp-block-image size-full\"><img loading=\"lazy\" decoding=\"async\" width=\"897\" height=\"204\" src=\"https:\/\/radiostudiow.com.br\/site\/wp-content\/uploads\/2025\/01\/SITE-GRANDE3.png\" alt=\"\" class=\"wp-image-32900\" srcset=\"https:\/\/radiostudiow.com.br\/site\/wp-content\/uploads\/2025\/01\/SITE-GRANDE3.png 897w, https:\/\/radiostudiow.com.br\/site\/wp-content\/uploads\/2025\/01\/SITE-GRANDE3-300x68.png 300w, https:\/\/radiostudiow.com.br\/site\/wp-content\/uploads\/2025\/01\/SITE-GRANDE3-768x175.png 768w\" sizes=\"auto, (max-width: 897px) 100vw, 897px\" \/><\/figure>\n\n\n\n<p>O preso foi entregue ao Departamento de Pol\u00edcia Penal, onde permanecer\u00e1 \u00e0 disposi\u00e7\u00e3o da justi\u00e7a, para a execu\u00e7\u00e3o de sua pena.<\/p>\n\n\n\n<p>A PCPR solicita a colabora\u00e7\u00e3o da popula\u00e7\u00e3o com informa\u00e7\u00f5es que auxiliem nas investiga\u00e7\u00f5es de crimes ligados \u00e0 viol\u00eancia dom\u00e9stica e familiar contra a mulher e contra crian\u00e7as e adolescentes. As den\u00fancias podem ser feitas de forma an\u00f4nima pelos n\u00fameros 197 e 181.<\/p>\n\n\n\n<p class=\"has-text-align-center\"><em>Informa\u00e7\u00f5es e Imagem Pol\u00edcia Civil de Irati \/ Colabora\u00e7\u00e3o Rep\u00f3rter Kiko de Oliveira<\/em><\/p>\n","protected":false},"excerpt":{"rendered":"<p>A equipe da Pol\u00edcia Civil do Paran\u00e1 atrav\u00e9s da 41\u00aa Delegacia Regional de Pol\u00edcia Civil de Irati efetuou a pris\u00e3o de um homem, 72 anos, condenado pelo crime de estupro de vulner\u00e1vel na manh\u00e3 desta quinta-feira (06). Delito ocorreu no final de 2018 e consistiu em toques lascivos por parte do apenado contra sua neta, [&hellip;]<\/p>\n","protected":false},"author":2,"featured_media":44510,"comment_status":"open","ping_status":"open","sticky":false,"template":"","format":"standard","meta":{"footnotes":""},"categories":[2],"tags":[172],"class_list":["post-44509","post","type-post","status-publish","format-standard","has-post-thumbnail","hentry","category-policial","tag-featured"],"amp_enabled":true,"_links":{"self":[{"href":"https:\/\/radiostudiow.com.br\/site\/wp-json\/wp\/v2\/posts\/44509","targetHints":{"allow":["GET"]}}],"collection":[{"href":"https:\/\/radiostudiow.com.br\/site\/wp-json\/wp\/v2\/posts"}],"about":[{"href":"https:\/\/radiostudiow.com.br\/site\/wp-json\/wp\/v2\/types\/post"}],"author":[{"embeddable":true,"href":"https:\/\/radiostudiow.com.br\/site\/wp-json\/wp\/v2\/users\/2"}],"replies":[{"embeddable":true,"href":"https:\/\/radiostudiow.com.br\/site\/wp-json\/wp\/v2\/comments?post=44509"}],"version-history":[{"count":1,"href":"https:\/\/radiostudiow.com.br\/site\/wp-json\/wp\/v2\/posts\/44509\/revisions"}],"predecessor-version":[{"id":44511,"href":"https:\/\/radiostudiow.com.br\/site\/wp-json\/wp\/v2\/posts\/44509\/revisions\/44511"}],"wp:featuredmedia":[{"embeddable":true,"href":"https:\/\/radiostudiow.com.br\/site\/wp-json\/wp\/v2\/media\/44510"}],"wp:attachment":[{"href":"https:\/\/radiostudiow.com.br\/site\/wp-json\/wp\/v2\/media?parent=44509"}],"wp:term":[{"taxonomy":"category","embeddable":true,"href":"https:\/\/radiostudiow.com.br\/site\/wp-json\/wp\/v2\/categories?post=44509"},{"taxonomy":"post_tag","embeddable":true,"href":"https:\/\/radiostudiow.com.br\/site\/wp-json\/wp\/v2\/tags?post=44509"}],"curies":[{"name":"wp","href":"https:\/\/api.w.org\/{rel}","templated":true}]}}