{"id":44512,"date":"2025-11-06T18:09:38","date_gmt":"2025-11-06T21:09:38","guid":{"rendered":"https:\/\/radiostudiow.com.br\/site\/?p=44512"},"modified":"2025-11-06T18:09:38","modified_gmt":"2025-11-06T21:09:38","slug":"homem-morto-em-operacao-seria-um-dos-mandantes-do-assassinato-de-everson-sagui","status":"publish","type":"post","link":"https:\/\/radiostudiow.com.br\/site\/2025\/11\/06\/homem-morto-em-operacao-seria-um-dos-mandantes-do-assassinato-de-everson-sagui\/","title":{"rendered":"Homem morto em opera\u00e7\u00e3o seria um dos mandantes do assassinato de Everson \u201cSagui\u201d"},"content":{"rendered":"\n<figure class=\"wp-block-image size-full is-resized\"><img loading=\"lazy\" decoding=\"async\" width=\"1024\" height=\"591\" src=\"https:\/\/radiostudiow.com.br\/site\/wp-content\/uploads\/2025\/09\/image-61.png\" alt=\"\" class=\"wp-image-42556\" style=\"width:453px;height:auto\" srcset=\"https:\/\/radiostudiow.com.br\/site\/wp-content\/uploads\/2025\/09\/image-61.png 1024w, https:\/\/radiostudiow.com.br\/site\/wp-content\/uploads\/2025\/09\/image-61-300x173.png 300w, https:\/\/radiostudiow.com.br\/site\/wp-content\/uploads\/2025\/09\/image-61-768x443.png 768w\" sizes=\"auto, (max-width: 1024px) 100vw, 1024px\" \/><\/figure>\n\n\n\n<p>Segundo informa\u00e7\u00f5es recebidas pela reportagem, um dos mortos no confronto desta quinta-feira, 6, com a Pol\u00edcia durante a Opera\u00e7\u00e3o Sinergia teria sido um dos mandantes do crime que culminou com a morte do Eversom Moreira o Sagui, que foi assassinado por engano enquanto aguardava o \u00f4nibus para o trabalho.<\/p>\n\n\n\n<p>Apesar de ter sido absolvido, segundo essas informa\u00e7\u00f5es ele teve liga\u00e7\u00e3o direta com o crime.<\/p>\n\n\n\n<p>O crime foi no dia 14 de mar\u00e7o de 2024. Everson recebeu dois tiros e morreu ainda no local.\u00a0Ele estava a caminho do trabalho e, segundo as investiga\u00e7\u00f5es, foi morto por engano, ap\u00f3s ser confundido com o verdadeiro alvo da execu\u00e7\u00e3o.<\/p>\n\n\n\n<p>O julgamento do caso aconteceu em abril deste ano no F\u00f3rum de Porto Uni\u00e3o, na ocasi\u00e3o, dos tr\u00eas acusados dois foram condenados e um absolvido.<\/p>\n\n\n\n<figure class=\"wp-block-image size-full\"><img loading=\"lazy\" decoding=\"async\" width=\"300\" height=\"180\" src=\"https:\/\/radiostudiow.com.br\/site\/wp-content\/uploads\/2025\/05\/SITE-PEQUENO.jpg\" alt=\"\" class=\"wp-image-38684\"\/><\/figure>\n","protected":false},"excerpt":{"rendered":"<p>Segundo informa\u00e7\u00f5es recebidas pela reportagem, um dos mortos no confronto desta quinta-feira, 6, com a Pol\u00edcia durante a Opera\u00e7\u00e3o Sinergia teria sido um dos mandantes do crime que culminou com a morte do Eversom Moreira o Sagui, que foi assassinado por engano enquanto aguardava o \u00f4nibus para o trabalho. Apesar de ter sido absolvido, segundo [&hellip;]<\/p>\n","protected":false},"author":2,"featured_media":20658,"comment_status":"open","ping_status":"open","sticky":false,"template":"","format":"standard","meta":{"footnotes":""},"categories":[2],"tags":[172],"class_list":["post-44512","post","type-post","status-publish","format-standard","has-post-thumbnail","hentry","category-policial","tag-featured"],"amp_enabled":true,"_links":{"self":[{"href":"https:\/\/radiostudiow.com.br\/site\/wp-json\/wp\/v2\/posts\/44512","targetHints":{"allow":["GET"]}}],"collection":[{"href":"https:\/\/radiostudiow.com.br\/site\/wp-json\/wp\/v2\/posts"}],"about":[{"href":"https:\/\/radiostudiow.com.br\/site\/wp-json\/wp\/v2\/types\/post"}],"author":[{"embeddable":true,"href":"https:\/\/radiostudiow.com.br\/site\/wp-json\/wp\/v2\/users\/2"}],"replies":[{"embeddable":true,"href":"https:\/\/radiostudiow.com.br\/site\/wp-json\/wp\/v2\/comments?post=44512"}],"version-history":[{"count":1,"href":"https:\/\/radiostudiow.com.br\/site\/wp-json\/wp\/v2\/posts\/44512\/revisions"}],"predecessor-version":[{"id":44513,"href":"https:\/\/radiostudiow.com.br\/site\/wp-json\/wp\/v2\/posts\/44512\/revisions\/44513"}],"wp:featuredmedia":[{"embeddable":true,"href":"https:\/\/radiostudiow.com.br\/site\/wp-json\/wp\/v2\/media\/20658"}],"wp:attachment":[{"href":"https:\/\/radiostudiow.com.br\/site\/wp-json\/wp\/v2\/media?parent=44512"}],"wp:term":[{"taxonomy":"category","embeddable":true,"href":"https:\/\/radiostudiow.com.br\/site\/wp-json\/wp\/v2\/categories?post=44512"},{"taxonomy":"post_tag","embeddable":true,"href":"https:\/\/radiostudiow.com.br\/site\/wp-json\/wp\/v2\/tags?post=44512"}],"curies":[{"name":"wp","href":"https:\/\/api.w.org\/{rel}","templated":true}]}}