{"id":44517,"date":"2025-11-06T19:12:28","date_gmt":"2025-11-06T22:12:28","guid":{"rendered":"https:\/\/radiostudiow.com.br\/site\/?p=44517"},"modified":"2025-11-06T19:12:29","modified_gmt":"2025-11-06T22:12:29","slug":"identificados-os-homens-que-morreram-apos-confronto-com-a-policia-na-regiao","status":"publish","type":"post","link":"https:\/\/radiostudiow.com.br\/site\/2025\/11\/06\/identificados-os-homens-que-morreram-apos-confronto-com-a-policia-na-regiao\/","title":{"rendered":"Identificados os homens que morreram ap\u00f3s confronto com a Pol\u00edcia na regi\u00e3o"},"content":{"rendered":"\n<figure class=\"wp-block-image size-full\"><img loading=\"lazy\" decoding=\"async\" width=\"897\" height=\"207\" src=\"https:\/\/radiostudiow.com.br\/site\/wp-content\/uploads\/2025\/07\/TIJOLAO.png\" alt=\"\" class=\"wp-image-40184\" srcset=\"https:\/\/radiostudiow.com.br\/site\/wp-content\/uploads\/2025\/07\/TIJOLAO.png 897w, https:\/\/radiostudiow.com.br\/site\/wp-content\/uploads\/2025\/07\/TIJOLAO-300x69.png 300w, https:\/\/radiostudiow.com.br\/site\/wp-content\/uploads\/2025\/07\/TIJOLAO-768x177.png 768w\" sizes=\"auto, (max-width: 897px) 100vw, 897px\" \/><\/figure>\n\n\n\n<p>A reportagem do Canal 4 TV apurou informa\u00e7\u00f5es sobre os quatro homens que morreram ap\u00f3s entrar em confronto com a Pol\u00edcia na opera\u00e7\u00e3o realizada nessa quinta-feira, dia 06. Ao todo foram 30 mandados de pris\u00e3o cumpridos, mais de 130 policiais empenhados, al\u00e9m de mais de 25 viaturas nas ruas.<\/p>\n\n\n\n<figure class=\"wp-block-image\"><img decoding=\"async\" src=\"https:\/\/portalrdx.com.br\/wp-content\/uploads\/2025\/11\/image-9.png\" alt=\"\" class=\"wp-image-111496\"\/><figcaption class=\"wp-element-caption\">&nbsp;Remi de Lima de 33 anos<\/figcaption><\/figure>\n\n\n\n<p>Um dos homens que foi a \u00f3bito se trata de&nbsp;<strong>Remi de Lima de 33 anos<\/strong>, morto no bairro Limeira. Com v\u00e1rios antecedentes criminais, ele era um dos suspeitos do crime que resultou na morte por engano de Everson Moreira, tamb\u00e9m conhecido como Sagui, ocorrido em mar\u00e7o de 2024 em Porto Uni\u00e3o (deste crime ele foi absolvido em julgamento ocorrido em abril).<\/p>\n\n\n\n<figure class=\"wp-block-image\"><img decoding=\"async\" src=\"https:\/\/portalrdx.com.br\/wp-content\/uploads\/2025\/11\/image-10.png\" alt=\"\" class=\"wp-image-111497\"\/><figcaption class=\"wp-element-caption\">&nbsp;Kaua Alexandre de Assis Kososki de 20 anos<\/figcaption><\/figure>\n\n\n\n<p>Tamb\u00e9m morreram em confronto em Uni\u00e3o da Vit\u00f3ria&nbsp;<strong>Rafael Louren\u00e7o de Souza de 24 anos&nbsp;<\/strong>de idade e<strong>&nbsp;Kaua Alexandre de Assis Kososki de 20 anos&nbsp;<\/strong>de idade. Eles tamb\u00e9m tinham antecedentes criminais.<\/p>\n\n\n\n<figure class=\"wp-block-gallery has-nested-images columns-default is-cropped wp-block-gallery-1 is-layout-flex wp-block-gallery-is-layout-flex\">\n<figure class=\"wp-block-image size-large\"><img loading=\"lazy\" decoding=\"async\" width=\"300\" height=\"180\" data-id=\"38014\" src=\"https:\/\/radiostudiow.com.br\/site\/wp-content\/uploads\/2025\/05\/VANE.png\" alt=\"\" class=\"wp-image-38014\"\/><\/figure>\n\n\n\n<figure class=\"wp-block-image size-large\"><img loading=\"lazy\" decoding=\"async\" width=\"300\" height=\"180\" data-id=\"41962\" src=\"https:\/\/radiostudiow.com.br\/site\/wp-content\/uploads\/2025\/08\/LILO.png\" alt=\"\" class=\"wp-image-41962\"\/><\/figure>\n<\/figure>\n\n\n\n<figure class=\"wp-block-image\"><img decoding=\"async\" src=\"https:\/\/portalrdx.com.br\/wp-content\/uploads\/2025\/11\/image-11.png\" alt=\"\" class=\"wp-image-111498\"\/><figcaption class=\"wp-element-caption\">Rafael Louren\u00e7o de Souza de 24 anos<\/figcaption><\/figure>\n\n\n\n<p>J\u00e1 no munic\u00edpio de Bituruna, o homem que morreu em confronto foi&nbsp;<strong>Dionathan Barbosa Teply de 33 anos&nbsp;<\/strong>de idade. Ele tinha antecedentes criminais, inclusive um homic\u00eddio e j\u00e1 havia participado de uma fuga do Centro de Regime Semiaberto de Guarapuava (CRAG),&nbsp;em&nbsp;2017.<\/p>\n\n\n\n<figure class=\"wp-block-image\"><img decoding=\"async\" src=\"https:\/\/portalrdx.com.br\/wp-content\/uploads\/2025\/11\/image-12.png\" alt=\"\" class=\"wp-image-111499\"\/><figcaption class=\"wp-element-caption\">&nbsp;Dionathan Barbosa Teply de 33 anos<\/figcaption><\/figure>\n\n\n\n<p><\/p>\n","protected":false},"excerpt":{"rendered":"<p>A reportagem do Canal 4 TV apurou informa\u00e7\u00f5es sobre os quatro homens que morreram ap\u00f3s entrar em confronto com a Pol\u00edcia na opera\u00e7\u00e3o realizada nessa quinta-feira, dia 06. Ao todo foram 30 mandados de pris\u00e3o cumpridos, mais de 130 policiais empenhados, al\u00e9m de mais de 25 viaturas nas ruas. Um dos homens que foi a [&hellip;]<\/p>\n","protected":false},"author":2,"featured_media":44518,"comment_status":"open","ping_status":"open","sticky":false,"template":"","format":"standard","meta":{"footnotes":""},"categories":[2],"tags":[172],"class_list":["post-44517","post","type-post","status-publish","format-standard","has-post-thumbnail","hentry","category-policial","tag-featured"],"amp_enabled":true,"_links":{"self":[{"href":"https:\/\/radiostudiow.com.br\/site\/wp-json\/wp\/v2\/posts\/44517","targetHints":{"allow":["GET"]}}],"collection":[{"href":"https:\/\/radiostudiow.com.br\/site\/wp-json\/wp\/v2\/posts"}],"about":[{"href":"https:\/\/radiostudiow.com.br\/site\/wp-json\/wp\/v2\/types\/post"}],"author":[{"embeddable":true,"href":"https:\/\/radiostudiow.com.br\/site\/wp-json\/wp\/v2\/users\/2"}],"replies":[{"embeddable":true,"href":"https:\/\/radiostudiow.com.br\/site\/wp-json\/wp\/v2\/comments?post=44517"}],"version-history":[{"count":1,"href":"https:\/\/radiostudiow.com.br\/site\/wp-json\/wp\/v2\/posts\/44517\/revisions"}],"predecessor-version":[{"id":44519,"href":"https:\/\/radiostudiow.com.br\/site\/wp-json\/wp\/v2\/posts\/44517\/revisions\/44519"}],"wp:featuredmedia":[{"embeddable":true,"href":"https:\/\/radiostudiow.com.br\/site\/wp-json\/wp\/v2\/media\/44518"}],"wp:attachment":[{"href":"https:\/\/radiostudiow.com.br\/site\/wp-json\/wp\/v2\/media?parent=44517"}],"wp:term":[{"taxonomy":"category","embeddable":true,"href":"https:\/\/radiostudiow.com.br\/site\/wp-json\/wp\/v2\/categories?post=44517"},{"taxonomy":"post_tag","embeddable":true,"href":"https:\/\/radiostudiow.com.br\/site\/wp-json\/wp\/v2\/tags?post=44517"}],"curies":[{"name":"wp","href":"https:\/\/api.w.org\/{rel}","templated":true}]}}