{"id":44522,"date":"2025-11-07T11:24:03","date_gmt":"2025-11-07T14:24:03","guid":{"rendered":"https:\/\/radiostudiow.com.br\/site\/?p=44522"},"modified":"2025-11-07T11:24:03","modified_gmt":"2025-11-07T14:24:03","slug":"policia-militar-apreende-bicicleta-motorizada-em-uniao-da-vitoria","status":"publish","type":"post","link":"https:\/\/radiostudiow.com.br\/site\/2025\/11\/07\/policia-militar-apreende-bicicleta-motorizada-em-uniao-da-vitoria\/","title":{"rendered":"Pol\u00edcia Militar apreende bicicleta motorizada em Uni\u00e3o da Vit\u00f3ria"},"content":{"rendered":"\n<figure class=\"wp-block-image size-full\"><img loading=\"lazy\" decoding=\"async\" width=\"897\" height=\"204\" src=\"https:\/\/radiostudiow.com.br\/site\/wp-content\/uploads\/2025\/02\/SITE-GRANDE7.png\" alt=\"\" class=\"wp-image-33861\" srcset=\"https:\/\/radiostudiow.com.br\/site\/wp-content\/uploads\/2025\/02\/SITE-GRANDE7.png 897w, https:\/\/radiostudiow.com.br\/site\/wp-content\/uploads\/2025\/02\/SITE-GRANDE7-300x68.png 300w, https:\/\/radiostudiow.com.br\/site\/wp-content\/uploads\/2025\/02\/SITE-GRANDE7-768x175.png 768w\" sizes=\"auto, (max-width: 897px) 100vw, 897px\" \/><\/figure>\n\n\n\n<p>A equipe da Pol\u00edcia Militar de Uni\u00e3o da Vit\u00f3ria realizou patrulhamento pelo bairro S\u00e3o Crist\u00f3v\u00e3o e abordou uma bicicleta motorizada por volta das 20h30min dessa quinta-feira (06).<\/p>\n\n\n\n<p>O condutor estava transitando com o ve\u00edculo durante a noite e n\u00e3o apresentava nenhum tipo de ilumina\u00e7\u00e3o\/sinaliza\u00e7\u00e3o.<\/p>\n\n\n\n<p>Diante da situa\u00e7\u00e3o a bicicleta foi recolhida ao p\u00e1teo de 27\u00b0 BPM.<\/p>\n","protected":false},"excerpt":{"rendered":"<p>A equipe da Pol\u00edcia Militar de Uni\u00e3o da Vit\u00f3ria realizou patrulhamento pelo bairro S\u00e3o Crist\u00f3v\u00e3o e abordou uma bicicleta motorizada por volta das 20h30min dessa quinta-feira (06). O condutor estava transitando com o ve\u00edculo durante a noite e n\u00e3o apresentava nenhum tipo de ilumina\u00e7\u00e3o\/sinaliza\u00e7\u00e3o. Diante da situa\u00e7\u00e3o a bicicleta foi recolhida ao p\u00e1teo de 27\u00b0 [&hellip;]<\/p>\n","protected":false},"author":2,"featured_media":44523,"comment_status":"open","ping_status":"open","sticky":false,"template":"","format":"standard","meta":{"footnotes":""},"categories":[2],"tags":[172],"class_list":["post-44522","post","type-post","status-publish","format-standard","has-post-thumbnail","hentry","category-policial","tag-featured"],"amp_enabled":true,"_links":{"self":[{"href":"https:\/\/radiostudiow.com.br\/site\/wp-json\/wp\/v2\/posts\/44522","targetHints":{"allow":["GET"]}}],"collection":[{"href":"https:\/\/radiostudiow.com.br\/site\/wp-json\/wp\/v2\/posts"}],"about":[{"href":"https:\/\/radiostudiow.com.br\/site\/wp-json\/wp\/v2\/types\/post"}],"author":[{"embeddable":true,"href":"https:\/\/radiostudiow.com.br\/site\/wp-json\/wp\/v2\/users\/2"}],"replies":[{"embeddable":true,"href":"https:\/\/radiostudiow.com.br\/site\/wp-json\/wp\/v2\/comments?post=44522"}],"version-history":[{"count":1,"href":"https:\/\/radiostudiow.com.br\/site\/wp-json\/wp\/v2\/posts\/44522\/revisions"}],"predecessor-version":[{"id":44524,"href":"https:\/\/radiostudiow.com.br\/site\/wp-json\/wp\/v2\/posts\/44522\/revisions\/44524"}],"wp:featuredmedia":[{"embeddable":true,"href":"https:\/\/radiostudiow.com.br\/site\/wp-json\/wp\/v2\/media\/44523"}],"wp:attachment":[{"href":"https:\/\/radiostudiow.com.br\/site\/wp-json\/wp\/v2\/media?parent=44522"}],"wp:term":[{"taxonomy":"category","embeddable":true,"href":"https:\/\/radiostudiow.com.br\/site\/wp-json\/wp\/v2\/categories?post=44522"},{"taxonomy":"post_tag","embeddable":true,"href":"https:\/\/radiostudiow.com.br\/site\/wp-json\/wp\/v2\/tags?post=44522"}],"curies":[{"name":"wp","href":"https:\/\/api.w.org\/{rel}","templated":true}]}}