{"id":44525,"date":"2025-11-07T12:08:37","date_gmt":"2025-11-07T15:08:37","guid":{"rendered":"https:\/\/radiostudiow.com.br\/site\/?p=44525"},"modified":"2025-11-07T12:08:38","modified_gmt":"2025-11-07T15:08:38","slug":"policia-militar-recupera-motocicleta-furtada-em-uniao-da-vitoria-2","status":"publish","type":"post","link":"https:\/\/radiostudiow.com.br\/site\/2025\/11\/07\/policia-militar-recupera-motocicleta-furtada-em-uniao-da-vitoria-2\/","title":{"rendered":"Pol\u00edcia Militar recupera motocicleta furtada em Uni\u00e3o da Vit\u00f3ria"},"content":{"rendered":"\n<figure class=\"wp-block-image size-full\"><img loading=\"lazy\" decoding=\"async\" width=\"897\" height=\"204\" src=\"https:\/\/radiostudiow.com.br\/site\/wp-content\/uploads\/2025\/03\/BARAO-NOVO-NOTICIAS-1.jpg\" alt=\"\" class=\"wp-image-35084\" srcset=\"https:\/\/radiostudiow.com.br\/site\/wp-content\/uploads\/2025\/03\/BARAO-NOVO-NOTICIAS-1.jpg 897w, https:\/\/radiostudiow.com.br\/site\/wp-content\/uploads\/2025\/03\/BARAO-NOVO-NOTICIAS-1-300x68.jpg 300w, https:\/\/radiostudiow.com.br\/site\/wp-content\/uploads\/2025\/03\/BARAO-NOVO-NOTICIAS-1-768x175.jpg 768w\" sizes=\"auto, (max-width: 897px) 100vw, 897px\" \/><\/figure>\n\n\n\n<p>A equipe da Pol\u00edcia Militar de Uni\u00e3o da Vit\u00f3ria estava em patrulhamento quando foi solicitada por papulares que informaram sobre uma motocicleta qual estava ja a alguns dias estacionada na \u00e1rea central.<\/p>\n\n\n\n<p>O caso foi registrado por volta das 20h30min dessa quinta-feira (06).<\/p>\n\n\n\n<p>Ao realizar a verifica\u00e7\u00e3o no sistema informatizado foi constatado registro de furto, diante da<br>constata\u00e7\u00e3o a motocicleta foi encaminhada \u00e0 4\u00aa SDP para provid\u00eancias cab\u00edveis.<\/p>\n\n\n\n<p><\/p>\n","protected":false},"excerpt":{"rendered":"<p>A equipe da Pol\u00edcia Militar de Uni\u00e3o da Vit\u00f3ria estava em patrulhamento quando foi solicitada por papulares que informaram sobre uma motocicleta qual estava ja a alguns dias estacionada na \u00e1rea central. O caso foi registrado por volta das 20h30min dessa quinta-feira (06). Ao realizar a verifica\u00e7\u00e3o no sistema informatizado foi constatado registro de furto, [&hellip;]<\/p>\n","protected":false},"author":2,"featured_media":44526,"comment_status":"open","ping_status":"open","sticky":false,"template":"","format":"standard","meta":{"footnotes":""},"categories":[2],"tags":[172],"class_list":["post-44525","post","type-post","status-publish","format-standard","has-post-thumbnail","hentry","category-policial","tag-featured"],"amp_enabled":true,"_links":{"self":[{"href":"https:\/\/radiostudiow.com.br\/site\/wp-json\/wp\/v2\/posts\/44525","targetHints":{"allow":["GET"]}}],"collection":[{"href":"https:\/\/radiostudiow.com.br\/site\/wp-json\/wp\/v2\/posts"}],"about":[{"href":"https:\/\/radiostudiow.com.br\/site\/wp-json\/wp\/v2\/types\/post"}],"author":[{"embeddable":true,"href":"https:\/\/radiostudiow.com.br\/site\/wp-json\/wp\/v2\/users\/2"}],"replies":[{"embeddable":true,"href":"https:\/\/radiostudiow.com.br\/site\/wp-json\/wp\/v2\/comments?post=44525"}],"version-history":[{"count":2,"href":"https:\/\/radiostudiow.com.br\/site\/wp-json\/wp\/v2\/posts\/44525\/revisions"}],"predecessor-version":[{"id":44531,"href":"https:\/\/radiostudiow.com.br\/site\/wp-json\/wp\/v2\/posts\/44525\/revisions\/44531"}],"wp:featuredmedia":[{"embeddable":true,"href":"https:\/\/radiostudiow.com.br\/site\/wp-json\/wp\/v2\/media\/44526"}],"wp:attachment":[{"href":"https:\/\/radiostudiow.com.br\/site\/wp-json\/wp\/v2\/media?parent=44525"}],"wp:term":[{"taxonomy":"category","embeddable":true,"href":"https:\/\/radiostudiow.com.br\/site\/wp-json\/wp\/v2\/categories?post=44525"},{"taxonomy":"post_tag","embeddable":true,"href":"https:\/\/radiostudiow.com.br\/site\/wp-json\/wp\/v2\/tags?post=44525"}],"curies":[{"name":"wp","href":"https:\/\/api.w.org\/{rel}","templated":true}]}}