{"id":44552,"date":"2025-11-08T09:37:41","date_gmt":"2025-11-08T12:37:41","guid":{"rendered":"https:\/\/radiostudiow.com.br\/site\/?p=44552"},"modified":"2025-11-08T09:37:42","modified_gmt":"2025-11-08T12:37:42","slug":"preso-homem-acusado-de-devastar-106-hectares-da-mata-atlantica-em-rio-azul","status":"publish","type":"post","link":"https:\/\/radiostudiow.com.br\/site\/2025\/11\/08\/preso-homem-acusado-de-devastar-106-hectares-da-mata-atlantica-em-rio-azul\/","title":{"rendered":"Preso homem acusado de devastar 106 hectares da Mata Atl\u00e2ntica em Rio Azul"},"content":{"rendered":"\n<p>Uma opera\u00e7\u00e3o integrada entre a&nbsp;<strong>Pol\u00edcia Civil do Paran\u00e1 (PCPR)<\/strong>,&nbsp;<strong>Pol\u00edcia Militar do Paran\u00e1<\/strong>&nbsp;e&nbsp;<strong>Pol\u00edcia Cient\u00edfica do Paran\u00e1<\/strong>&nbsp;resultou na&nbsp;<strong>pris\u00e3o preventiva de um homem de 31 anos<\/strong>, suspeito de praticar crimes ambientais, falsifica\u00e7\u00e3o de documento particular e fraude processual. A a\u00e7\u00e3o ocorreu na manh\u00e3 de quinta-feira (6), no munic\u00edpio de&nbsp;<strong>Rebou\u00e7as<\/strong>, regi\u00e3o Centro-Sul do Estado.<\/p>\n\n\n\n<p>As investiga\u00e7\u00f5es apontam que o suspeito teria causado a&nbsp;<strong>destrui\u00e7\u00e3o de aproximadamente 106 hectares da Floresta Ombr\u00f3fila Mista<\/strong>, bioma pertencente \u00e0&nbsp;<strong>Mata Atl\u00e2ntica<\/strong>, em est\u00e1gio m\u00e9dio e avan\u00e7ado de regenera\u00e7\u00e3o. A \u00e1rea degradada, localizada em&nbsp;<strong>Rio Azul<\/strong>, inclu\u00eda&nbsp;<strong>zonas de preserva\u00e7\u00e3o permanente<\/strong>, como nascentes e margens de c\u00f3rregos.<\/p>\n\n\n\n<figure class=\"wp-block-image size-full\"><img loading=\"lazy\" decoding=\"async\" width=\"897\" height=\"204\" src=\"https:\/\/radiostudiow.com.br\/site\/wp-content\/uploads\/2025\/03\/BARAO-NOVO-NOTICIAS-1.jpg\" alt=\"\" class=\"wp-image-35084\" srcset=\"https:\/\/radiostudiow.com.br\/site\/wp-content\/uploads\/2025\/03\/BARAO-NOVO-NOTICIAS-1.jpg 897w, https:\/\/radiostudiow.com.br\/site\/wp-content\/uploads\/2025\/03\/BARAO-NOVO-NOTICIAS-1-300x68.jpg 300w, https:\/\/radiostudiow.com.br\/site\/wp-content\/uploads\/2025\/03\/BARAO-NOVO-NOTICIAS-1-768x175.jpg 768w\" sizes=\"auto, (max-width: 897px) 100vw, 897px\" \/><\/figure>\n\n\n\n<p>A&nbsp;<strong>per\u00edcia da Pol\u00edcia Cient\u00edfica<\/strong>&nbsp;confirmou a gravidade dos danos e identificou o uso de&nbsp;<strong>m\u00e9todos ilegais<\/strong>, como corte de \u00e1rvores, aplica\u00e7\u00e3o de produtos qu\u00edmicos e queimadas. O laudo t\u00e9cnico concluiu que a degrada\u00e7\u00e3o foi&nbsp;<strong>intencional e prolongada<\/strong>.<\/p>\n\n\n\n<p>De acordo com o delegado&nbsp;<strong>Thiago Fran\u00e7a Nunes<\/strong>, o investigado apresentou um&nbsp;<strong>contrato de arrendamento rural com ind\u00edcios de falsifica\u00e7\u00e3o<\/strong>, com o objetivo de transferir a responsabilidade pelos danos a um trabalhador da propriedade. Por esse motivo, foram inclu\u00eddos no inqu\u00e9rito os crimes de&nbsp;<strong>falsifica\u00e7\u00e3o de documento particular<\/strong>&nbsp;e&nbsp;<strong>fraude processual<\/strong>.<\/p>\n\n\n\n<figure class=\"wp-block-image size-full\"><img loading=\"lazy\" decoding=\"async\" width=\"897\" height=\"204\" src=\"https:\/\/radiostudiow.com.br\/site\/wp-content\/uploads\/2025\/03\/image-62.png\" alt=\"\" class=\"wp-image-35859\" srcset=\"https:\/\/radiostudiow.com.br\/site\/wp-content\/uploads\/2025\/03\/image-62.png 897w, https:\/\/radiostudiow.com.br\/site\/wp-content\/uploads\/2025\/03\/image-62-300x68.png 300w, https:\/\/radiostudiow.com.br\/site\/wp-content\/uploads\/2025\/03\/image-62-768x175.png 768w\" sizes=\"auto, (max-width: 897px) 100vw, 897px\" \/><\/figure>\n\n\n\n<p>Durante a apura\u00e7\u00e3o, tamb\u00e9m foram identificados&nbsp;<strong>ind\u00edcios de redu\u00e7\u00e3o \u00e0 condi\u00e7\u00e3o an\u00e1loga \u00e0 de escravo<\/strong>&nbsp;envolvendo um funcion\u00e1rio do local. O caso foi encaminhado \u00e0&nbsp;<strong>Pol\u00edcia Federal<\/strong>&nbsp;e ao&nbsp;<strong>Minist\u00e9rio P\u00fablico do Trabalho<\/strong>&nbsp;para as medidas cab\u00edveis.<\/p>\n\n\n\n<p>Segundo o delegado, \u201ca&nbsp;<strong>pris\u00e3o \u00e9 resultado da coopera\u00e7\u00e3o entre institui\u00e7\u00f5es<\/strong>&nbsp;no enfrentamento aos crimes ambientais e na&nbsp;<strong>prote\u00e7\u00e3o do patrim\u00f4nio natural do Paran\u00e1<\/strong>\u201d. A&nbsp;<strong>Adapar<\/strong>&nbsp;tamb\u00e9m colaborou com a investiga\u00e7\u00e3o.<\/p>\n","protected":false},"excerpt":{"rendered":"<p>Uma opera\u00e7\u00e3o integrada entre a&nbsp;Pol\u00edcia Civil do Paran\u00e1 (PCPR),&nbsp;Pol\u00edcia Militar do Paran\u00e1&nbsp;e&nbsp;Pol\u00edcia Cient\u00edfica do Paran\u00e1&nbsp;resultou na&nbsp;pris\u00e3o preventiva de um homem de 31 anos, suspeito de praticar crimes ambientais, falsifica\u00e7\u00e3o de documento particular e fraude processual. A a\u00e7\u00e3o ocorreu na manh\u00e3 de quinta-feira (6), no munic\u00edpio de&nbsp;Rebou\u00e7as, regi\u00e3o Centro-Sul do Estado. As investiga\u00e7\u00f5es apontam que o [&hellip;]<\/p>\n","protected":false},"author":2,"featured_media":44553,"comment_status":"open","ping_status":"open","sticky":false,"template":"","format":"standard","meta":{"footnotes":""},"categories":[2],"tags":[172],"class_list":["post-44552","post","type-post","status-publish","format-standard","has-post-thumbnail","hentry","category-policial","tag-featured"],"amp_enabled":true,"_links":{"self":[{"href":"https:\/\/radiostudiow.com.br\/site\/wp-json\/wp\/v2\/posts\/44552","targetHints":{"allow":["GET"]}}],"collection":[{"href":"https:\/\/radiostudiow.com.br\/site\/wp-json\/wp\/v2\/posts"}],"about":[{"href":"https:\/\/radiostudiow.com.br\/site\/wp-json\/wp\/v2\/types\/post"}],"author":[{"embeddable":true,"href":"https:\/\/radiostudiow.com.br\/site\/wp-json\/wp\/v2\/users\/2"}],"replies":[{"embeddable":true,"href":"https:\/\/radiostudiow.com.br\/site\/wp-json\/wp\/v2\/comments?post=44552"}],"version-history":[{"count":1,"href":"https:\/\/radiostudiow.com.br\/site\/wp-json\/wp\/v2\/posts\/44552\/revisions"}],"predecessor-version":[{"id":44554,"href":"https:\/\/radiostudiow.com.br\/site\/wp-json\/wp\/v2\/posts\/44552\/revisions\/44554"}],"wp:featuredmedia":[{"embeddable":true,"href":"https:\/\/radiostudiow.com.br\/site\/wp-json\/wp\/v2\/media\/44553"}],"wp:attachment":[{"href":"https:\/\/radiostudiow.com.br\/site\/wp-json\/wp\/v2\/media?parent=44552"}],"wp:term":[{"taxonomy":"category","embeddable":true,"href":"https:\/\/radiostudiow.com.br\/site\/wp-json\/wp\/v2\/categories?post=44552"},{"taxonomy":"post_tag","embeddable":true,"href":"https:\/\/radiostudiow.com.br\/site\/wp-json\/wp\/v2\/tags?post=44552"}],"curies":[{"name":"wp","href":"https:\/\/api.w.org\/{rel}","templated":true}]}}