{"id":44604,"date":"2025-11-11T09:08:57","date_gmt":"2025-11-11T12:08:57","guid":{"rendered":"https:\/\/radiostudiow.com.br\/site\/?p=44604"},"modified":"2025-11-11T09:08:57","modified_gmt":"2025-11-11T12:08:57","slug":"acidente-entre-moto-e-kombi-deixa-motociclista-ferido-em-porto-uniao","status":"publish","type":"post","link":"https:\/\/radiostudiow.com.br\/site\/2025\/11\/11\/acidente-entre-moto-e-kombi-deixa-motociclista-ferido-em-porto-uniao\/","title":{"rendered":"Acidente entre moto e Kombi deixa motociclista ferido em Porto Uni\u00e3o"},"content":{"rendered":"\n<figure class=\"wp-block-image size-full\"><img loading=\"lazy\" decoding=\"async\" width=\"897\" height=\"204\" src=\"https:\/\/radiostudiow.com.br\/site\/wp-content\/uploads\/2025\/06\/BARROS.png\" alt=\"\" class=\"wp-image-39575\" srcset=\"https:\/\/radiostudiow.com.br\/site\/wp-content\/uploads\/2025\/06\/BARROS.png 897w, https:\/\/radiostudiow.com.br\/site\/wp-content\/uploads\/2025\/06\/BARROS-300x68.png 300w, https:\/\/radiostudiow.com.br\/site\/wp-content\/uploads\/2025\/06\/BARROS-768x175.png 768w\" sizes=\"auto, (max-width: 897px) 100vw, 897px\" \/><\/figure>\n\n\n\n<p>Um acidente de tr\u00e2nsito deixou um motociclista ferido no bairro S\u00e3o Pedro, em Porto Uni\u00e3o.&nbsp;A colis\u00e3o ocorreu na rua Pedro Mazurechen, esquina com a Nilo Pe\u00e7anha, e envolveu uma motocicleta Honda CG 150 e uma VW Kombi branca por volta das 7h20min desta segunda-feira (10).<\/p>\n\n\n\n<p>Segundo informa\u00e7\u00f5es do Corpo de Bombeiros Militar de Porto Uni\u00e3o e da Pol\u00edcia Militar da 2\u00aa Companhia, que atenderam a ocorr\u00eancia,&nbsp;a motocicleta ficou bastante destru\u00edda, assim como a parte frontal da Kombi.<\/p>\n\n\n\n<p>O condutor da moto sofreu ferimentos sem gravidade e estava consciente durante o atendimento. As causas do acidente ainda ser\u00e3o apuradas.<\/p>\n\n\n\n<p>Fonte: Assis O Rep\u00f3rter<\/p>\n\n\n\n<figure class=\"wp-block-image size-full\"><img decoding=\"async\" src=\"https:\/\/radiostudiow.com.br\/site\/wp-content\/uploads\/2025\/10\/SUPREMA-BARBA.png\" alt=\"\" class=\"wp-image-44123\"\/><\/figure>\n","protected":false},"excerpt":{"rendered":"<p>Um acidente de tr\u00e2nsito deixou um motociclista ferido no bairro S\u00e3o Pedro, em Porto Uni\u00e3o.&nbsp;A colis\u00e3o ocorreu na rua Pedro Mazurechen, esquina com a Nilo Pe\u00e7anha, e envolveu uma motocicleta Honda CG 150 e uma VW Kombi branca por volta das 7h20min desta segunda-feira (10). Segundo informa\u00e7\u00f5es do Corpo de Bombeiros Militar de Porto Uni\u00e3o [&hellip;]<\/p>\n","protected":false},"author":2,"featured_media":44606,"comment_status":"open","ping_status":"open","sticky":false,"template":"","format":"standard","meta":{"footnotes":""},"categories":[185],"tags":[172],"class_list":["post-44604","post","type-post","status-publish","format-standard","has-post-thumbnail","hentry","category-regional","tag-featured"],"amp_enabled":true,"_links":{"self":[{"href":"https:\/\/radiostudiow.com.br\/site\/wp-json\/wp\/v2\/posts\/44604","targetHints":{"allow":["GET"]}}],"collection":[{"href":"https:\/\/radiostudiow.com.br\/site\/wp-json\/wp\/v2\/posts"}],"about":[{"href":"https:\/\/radiostudiow.com.br\/site\/wp-json\/wp\/v2\/types\/post"}],"author":[{"embeddable":true,"href":"https:\/\/radiostudiow.com.br\/site\/wp-json\/wp\/v2\/users\/2"}],"replies":[{"embeddable":true,"href":"https:\/\/radiostudiow.com.br\/site\/wp-json\/wp\/v2\/comments?post=44604"}],"version-history":[{"count":2,"href":"https:\/\/radiostudiow.com.br\/site\/wp-json\/wp\/v2\/posts\/44604\/revisions"}],"predecessor-version":[{"id":44607,"href":"https:\/\/radiostudiow.com.br\/site\/wp-json\/wp\/v2\/posts\/44604\/revisions\/44607"}],"wp:featuredmedia":[{"embeddable":true,"href":"https:\/\/radiostudiow.com.br\/site\/wp-json\/wp\/v2\/media\/44606"}],"wp:attachment":[{"href":"https:\/\/radiostudiow.com.br\/site\/wp-json\/wp\/v2\/media?parent=44604"}],"wp:term":[{"taxonomy":"category","embeddable":true,"href":"https:\/\/radiostudiow.com.br\/site\/wp-json\/wp\/v2\/categories?post=44604"},{"taxonomy":"post_tag","embeddable":true,"href":"https:\/\/radiostudiow.com.br\/site\/wp-json\/wp\/v2\/tags?post=44604"}],"curies":[{"name":"wp","href":"https:\/\/api.w.org\/{rel}","templated":true}]}}