{"id":44667,"date":"2025-11-12T09:44:03","date_gmt":"2025-11-12T12:44:03","guid":{"rendered":"https:\/\/radiostudiow.com.br\/site\/?p=44667"},"modified":"2025-11-12T09:44:18","modified_gmt":"2025-11-12T12:44:18","slug":"explosao-em-caldeira-de-carvao-em-inacio-martins-deixa-um-morto-e-um-ferido","status":"publish","type":"post","link":"https:\/\/radiostudiow.com.br\/site\/2025\/11\/12\/explosao-em-caldeira-de-carvao-em-inacio-martins-deixa-um-morto-e-um-ferido\/","title":{"rendered":"Explos\u00e3o em caldeira de carv\u00e3o em In\u00e1cio Martins deixa um morto e um ferido"},"content":{"rendered":"\n<figure class=\"wp-block-image size-full\"><img loading=\"lazy\" decoding=\"async\" width=\"897\" height=\"204\" src=\"https:\/\/radiostudiow.com.br\/site\/wp-content\/uploads\/2025\/05\/NUTRI-MALLET.png\" alt=\"\" class=\"wp-image-37813\" srcset=\"https:\/\/radiostudiow.com.br\/site\/wp-content\/uploads\/2025\/05\/NUTRI-MALLET.png 897w, https:\/\/radiostudiow.com.br\/site\/wp-content\/uploads\/2025\/05\/NUTRI-MALLET-300x68.png 300w, https:\/\/radiostudiow.com.br\/site\/wp-content\/uploads\/2025\/05\/NUTRI-MALLET-768x175.png 768w\" sizes=\"auto, (max-width: 897px) 100vw, 897px\" \/><\/figure>\n\n\n\n<p>Uma explos\u00e3o em uma caldeira de uma empresa de carv\u00e3o localizada em In\u00e1cio Martins, no Centro-Sul do Paran\u00e1, resultou na morte de um trabalhador e deixou outro ferido na noite O grave incidente ocorreu por volta das 21h50min desta ter\u00e7a-feira, 11. <\/p>\n\n\n\n<p>De acordo com informa\u00e7\u00f5es do Servi\u00e7o de Atendimento M\u00f3vel de Urg\u00eancia (SAMU), duas pessoas foram resgatadas no local e encaminhadas ao Pronto Atendimento Municipal. Infelizmente, por volta das 23h42, o Corpo de Bombeiros confirmou o \u00f3bito de uma das v\u00edtimas, que n\u00e3o resistiu \u00e0 gravidade dos ferimentos.<\/p>\n\n\n\n<figure class=\"wp-block-image size-full\"><img loading=\"lazy\" decoding=\"async\" width=\"598\" height=\"204\" src=\"https:\/\/radiostudiow.com.br\/site\/wp-content\/uploads\/2024\/01\/SITE-MEDIO.png\" alt=\"\" class=\"wp-image-18916\" srcset=\"https:\/\/radiostudiow.com.br\/site\/wp-content\/uploads\/2024\/01\/SITE-MEDIO.png 598w, https:\/\/radiostudiow.com.br\/site\/wp-content\/uploads\/2024\/01\/SITE-MEDIO-300x102.png 300w\" sizes=\"auto, (max-width: 598px) 100vw, 598px\" \/><\/figure>\n\n\n\n<p>A segunda v\u00edtima envolvida na explos\u00e3o sofreu apenas les\u00f5es leves e permanece sob observa\u00e7\u00e3o m\u00e9dica.<\/p>\n\n\n\n<p>As circunst\u00e2ncias exatas que levaram \u00e0 explos\u00e3o da caldeira ainda est\u00e3o sendo investigadas.\u00a0T\u00e9cnicos do Corpo de Bombeiros e representantes da empresa trabalham para apurar as causas do acidente.<\/p>\n\n\n\n<p>Segundo informa\u00e7\u00f5es, a v\u00edtima fatal foi identificada como Valdecir.<\/p>\n\n\n\n<p class=\"has-text-align-center\"><em>Fonte: V.Vale<\/em><\/p>\n\n\n\n<p><\/p>\n","protected":false},"excerpt":{"rendered":"<p>Uma explos\u00e3o em uma caldeira de uma empresa de carv\u00e3o localizada em In\u00e1cio Martins, no Centro-Sul do Paran\u00e1, resultou na morte de um trabalhador e deixou outro ferido na noite O grave incidente ocorreu por volta das 21h50min desta ter\u00e7a-feira, 11. De acordo com informa\u00e7\u00f5es do Servi\u00e7o de Atendimento M\u00f3vel de Urg\u00eancia (SAMU), duas pessoas [&hellip;]<\/p>\n","protected":false},"author":2,"featured_media":44668,"comment_status":"open","ping_status":"open","sticky":false,"template":"","format":"standard","meta":{"footnotes":""},"categories":[185],"tags":[172],"class_list":["post-44667","post","type-post","status-publish","format-standard","has-post-thumbnail","hentry","category-regional","tag-featured"],"amp_enabled":true,"_links":{"self":[{"href":"https:\/\/radiostudiow.com.br\/site\/wp-json\/wp\/v2\/posts\/44667","targetHints":{"allow":["GET"]}}],"collection":[{"href":"https:\/\/radiostudiow.com.br\/site\/wp-json\/wp\/v2\/posts"}],"about":[{"href":"https:\/\/radiostudiow.com.br\/site\/wp-json\/wp\/v2\/types\/post"}],"author":[{"embeddable":true,"href":"https:\/\/radiostudiow.com.br\/site\/wp-json\/wp\/v2\/users\/2"}],"replies":[{"embeddable":true,"href":"https:\/\/radiostudiow.com.br\/site\/wp-json\/wp\/v2\/comments?post=44667"}],"version-history":[{"count":2,"href":"https:\/\/radiostudiow.com.br\/site\/wp-json\/wp\/v2\/posts\/44667\/revisions"}],"predecessor-version":[{"id":44671,"href":"https:\/\/radiostudiow.com.br\/site\/wp-json\/wp\/v2\/posts\/44667\/revisions\/44671"}],"wp:featuredmedia":[{"embeddable":true,"href":"https:\/\/radiostudiow.com.br\/site\/wp-json\/wp\/v2\/media\/44668"}],"wp:attachment":[{"href":"https:\/\/radiostudiow.com.br\/site\/wp-json\/wp\/v2\/media?parent=44667"}],"wp:term":[{"taxonomy":"category","embeddable":true,"href":"https:\/\/radiostudiow.com.br\/site\/wp-json\/wp\/v2\/categories?post=44667"},{"taxonomy":"post_tag","embeddable":true,"href":"https:\/\/radiostudiow.com.br\/site\/wp-json\/wp\/v2\/tags?post=44667"}],"curies":[{"name":"wp","href":"https:\/\/api.w.org\/{rel}","templated":true}]}}