{"id":44672,"date":"2025-11-12T09:53:52","date_gmt":"2025-11-12T12:53:52","guid":{"rendered":"https:\/\/radiostudiow.com.br\/site\/?p=44672"},"modified":"2025-11-12T09:53:53","modified_gmt":"2025-11-12T12:53:53","slug":"chacara-e-alvo-de-furto-criminosos-levam-tvs-ferramentas-e-alimentos","status":"publish","type":"post","link":"https:\/\/radiostudiow.com.br\/site\/2025\/11\/12\/chacara-e-alvo-de-furto-criminosos-levam-tvs-ferramentas-e-alimentos\/","title":{"rendered":"Ch\u00e1cara \u00e9 alvo de furto; criminosos levam TVs, ferramentas e alimentos"},"content":{"rendered":"\n<figure class=\"wp-block-image size-full\"><img loading=\"lazy\" decoding=\"async\" width=\"897\" height=\"204\" src=\"https:\/\/radiostudiow.com.br\/site\/wp-content\/uploads\/2025\/03\/BARAO-NOVO-NOTICIAS-1.jpg\" alt=\"\" class=\"wp-image-35084\" srcset=\"https:\/\/radiostudiow.com.br\/site\/wp-content\/uploads\/2025\/03\/BARAO-NOVO-NOTICIAS-1.jpg 897w, https:\/\/radiostudiow.com.br\/site\/wp-content\/uploads\/2025\/03\/BARAO-NOVO-NOTICIAS-1-300x68.jpg 300w, https:\/\/radiostudiow.com.br\/site\/wp-content\/uploads\/2025\/03\/BARAO-NOVO-NOTICIAS-1-768x175.jpg 768w\" sizes=\"auto, (max-width: 897px) 100vw, 897px\" \/><\/figure>\n\n\n\n<p>Uma ch\u00e1cara localizada na Linha Uni\u00e3o, em Cruz Machado, foi alvo de um grande furto resultando em um preju\u00edzo consider\u00e1vel para os propriet\u00e1rios nessa ter\u00e7a-feira (12).<\/p>\n\n\n\n<p>Os criminosos realizaram uma \u201climpa\u201d no local, levando diversos itens de valor.<\/p>\n\n\n\n<p>De acordo com o relato da v\u00edtima, foram furtados dois televisores, equipamentos de som, uma motosserra, roupas, utens\u00edlios dom\u00e9sticos e uma vasta quantidade de ferramentas.<\/p>\n\n\n\n<p>Al\u00e9m disso, toda a carne que estava no freezer foi levada pelos suspeitos.<\/p>\n\n\n\n<figure class=\"wp-block-video\"><video height=\"850\" style=\"aspect-ratio: 478 \/ 850;\" width=\"478\" controls src=\"https:\/\/radiostudiow.com.br\/site\/wp-content\/uploads\/2025\/11\/WhatsApp-Video-2025-11-12-at-08.16.23.mp4\"><\/video><\/figure>\n\n\n\n<figure class=\"wp-block-image size-full\"><img loading=\"lazy\" decoding=\"async\" width=\"897\" height=\"204\" src=\"https:\/\/radiostudiow.com.br\/site\/wp-content\/uploads\/2025\/02\/SITE-GRANDE7.png\" alt=\"\" class=\"wp-image-33861\" srcset=\"https:\/\/radiostudiow.com.br\/site\/wp-content\/uploads\/2025\/02\/SITE-GRANDE7.png 897w, https:\/\/radiostudiow.com.br\/site\/wp-content\/uploads\/2025\/02\/SITE-GRANDE7-300x68.png 300w, https:\/\/radiostudiow.com.br\/site\/wp-content\/uploads\/2025\/02\/SITE-GRANDE7-768x175.png 768w\" sizes=\"auto, (max-width: 897px) 100vw, 897px\" \/><\/figure>\n\n\n\n<p>Os propriet\u00e1rios pedem a colabora\u00e7\u00e3o da comunidade. Caso algu\u00e9m seja abordado com ofertas de produtos semelhantes aos furtados ou aviste um ve\u00edculo Palio branco em atitude suspeita nas proximidades, especialmente com rela\u00e7\u00e3o a esses itens, que entre em contato imediatamente com as autoridades.<\/p>\n\n\n\n<p>A Pol\u00edcia Civil j\u00e1 est\u00e1 em posse das imagens das c\u00e2meras de monitoramento da regi\u00e3o e investiga o caso. A v\u00edtima faz um apelo para que a popula\u00e7\u00e3o denuncie, visando coibir a a\u00e7\u00e3o de criminosos que se aproveitam do trabalho alheio.<\/p>\n\n\n\n<figure class=\"wp-block-image\" id=\"attachment_589690\"><a href=\"https:\/\/www.vvale.com.br\/seguranca\/chacara-na-linha-uniao-em-cruz-machado-e-alvo-de-furto-criminosos-levam-tvs-fe\/attachment\/whatsapp-image-2025-11-12-at-08-16-22\/\"><img decoding=\"async\" src=\"https:\/\/static5.vvale.com.br\/wp-content\/uploads\/2025\/11\/WhatsApp-Image-2025-11-12-at-08.16.22-720x439.jpeg\" alt=\"\" class=\"wp-image-589690\"\/><\/a><figcaption class=\"wp-element-caption\">Recebido pelo WhatsApp<br><a href=\"mailto:?subject=Ch%C3%A1cara%20%C3%A9%20alvo%20de%20furto;%20criminosos%20levam%20TVs,%20ferramentas%20e%20alimentos&amp;body=https:\/\/www.vvale.com.br\/seguranca\/chacara-e-alvo-de-furto-criminosos-levam-tvs-ferramentas-e-alimentos\/\" target=\"_blank\" rel=\"noreferrer noopener\"><\/a><br><\/figcaption><\/figure>\n","protected":false},"excerpt":{"rendered":"<p>Uma ch\u00e1cara localizada na Linha Uni\u00e3o, em Cruz Machado, foi alvo de um grande furto resultando em um preju\u00edzo consider\u00e1vel para os propriet\u00e1rios nessa ter\u00e7a-feira (12). Os criminosos realizaram uma \u201climpa\u201d no local, levando diversos itens de valor. De acordo com o relato da v\u00edtima, foram furtados dois televisores, equipamentos de som, uma motosserra, roupas, [&hellip;]<\/p>\n","protected":false},"author":2,"featured_media":44673,"comment_status":"open","ping_status":"open","sticky":false,"template":"","format":"standard","meta":{"footnotes":""},"categories":[2],"tags":[172],"class_list":["post-44672","post","type-post","status-publish","format-standard","has-post-thumbnail","hentry","category-policial","tag-featured"],"amp_enabled":true,"_links":{"self":[{"href":"https:\/\/radiostudiow.com.br\/site\/wp-json\/wp\/v2\/posts\/44672","targetHints":{"allow":["GET"]}}],"collection":[{"href":"https:\/\/radiostudiow.com.br\/site\/wp-json\/wp\/v2\/posts"}],"about":[{"href":"https:\/\/radiostudiow.com.br\/site\/wp-json\/wp\/v2\/types\/post"}],"author":[{"embeddable":true,"href":"https:\/\/radiostudiow.com.br\/site\/wp-json\/wp\/v2\/users\/2"}],"replies":[{"embeddable":true,"href":"https:\/\/radiostudiow.com.br\/site\/wp-json\/wp\/v2\/comments?post=44672"}],"version-history":[{"count":1,"href":"https:\/\/radiostudiow.com.br\/site\/wp-json\/wp\/v2\/posts\/44672\/revisions"}],"predecessor-version":[{"id":44675,"href":"https:\/\/radiostudiow.com.br\/site\/wp-json\/wp\/v2\/posts\/44672\/revisions\/44675"}],"wp:featuredmedia":[{"embeddable":true,"href":"https:\/\/radiostudiow.com.br\/site\/wp-json\/wp\/v2\/media\/44673"}],"wp:attachment":[{"href":"https:\/\/radiostudiow.com.br\/site\/wp-json\/wp\/v2\/media?parent=44672"}],"wp:term":[{"taxonomy":"category","embeddable":true,"href":"https:\/\/radiostudiow.com.br\/site\/wp-json\/wp\/v2\/categories?post=44672"},{"taxonomy":"post_tag","embeddable":true,"href":"https:\/\/radiostudiow.com.br\/site\/wp-json\/wp\/v2\/tags?post=44672"}],"curies":[{"name":"wp","href":"https:\/\/api.w.org\/{rel}","templated":true}]}}