{"id":44679,"date":"2025-11-12T11:43:07","date_gmt":"2025-11-12T14:43:07","guid":{"rendered":"https:\/\/radiostudiow.com.br\/site\/?p=44679"},"modified":"2025-11-12T11:43:08","modified_gmt":"2025-11-12T14:43:08","slug":"video-tragedia-na-br-376-entre-parana-e-santa-catarina","status":"publish","type":"post","link":"https:\/\/radiostudiow.com.br\/site\/2025\/11\/12\/video-tragedia-na-br-376-entre-parana-e-santa-catarina\/","title":{"rendered":"V\u00cdDEO: Trag\u00e9dia na BR-376 entre Paran\u00e1 e Santa Catarina"},"content":{"rendered":"\n<figure class=\"wp-block-image size-full\"><img loading=\"lazy\" decoding=\"async\" width=\"897\" height=\"204\" src=\"https:\/\/radiostudiow.com.br\/site\/wp-content\/uploads\/2025\/03\/image-62.png\" alt=\"\" class=\"wp-image-35859\" srcset=\"https:\/\/radiostudiow.com.br\/site\/wp-content\/uploads\/2025\/03\/image-62.png 897w, https:\/\/radiostudiow.com.br\/site\/wp-content\/uploads\/2025\/03\/image-62-300x68.png 300w, https:\/\/radiostudiow.com.br\/site\/wp-content\/uploads\/2025\/03\/image-62-768x175.png 768w\" sizes=\"auto, (max-width: 897px) 100vw, 897px\" \/><\/figure>\n\n\n\n<p>Um grave acidente foi registrado por volta das 5h desta quarta-feira, 12 de novembro, no km 667 da BR-376, em Guaratuba, no litoral do Paran\u00e1.<\/p>\n\n\n\n<p>De acordo com informa\u00e7\u00f5es da Pol\u00edcia Rodovi\u00e1ria Federal (PRF), uma carreta tombou sobre uma van de passageiros, provocando um inc\u00eandio logo ap\u00f3s o impacto.\u00a0As primeiras informa\u00e7\u00f5es indicam pelo menos 12 v\u00edtimas, entre feridos e possivelmente fatais.<\/p>\n\n\n\n<p>Equipes de resgate da concession\u00e1ria Arteris Litoral Sul, do Corpo de Bombeiros de S\u00e3o Jos\u00e9 dos Pinhais, Piraquara e Garuva, al\u00e9m de ambul\u00e2ncias de apoio, foram mobilizadas para o atendimento das v\u00edtimas e o combate \u00e0s chamas.<\/p>\n\n\n\n<figure class=\"wp-block-image size-full\"><img loading=\"lazy\" decoding=\"async\" width=\"897\" height=\"204\" src=\"https:\/\/radiostudiow.com.br\/site\/wp-content\/uploads\/2025\/03\/BARAO-NOVO-NOTICIAS-1.jpg\" alt=\"\" class=\"wp-image-35084\" srcset=\"https:\/\/radiostudiow.com.br\/site\/wp-content\/uploads\/2025\/03\/BARAO-NOVO-NOTICIAS-1.jpg 897w, https:\/\/radiostudiow.com.br\/site\/wp-content\/uploads\/2025\/03\/BARAO-NOVO-NOTICIAS-1-300x68.jpg 300w, https:\/\/radiostudiow.com.br\/site\/wp-content\/uploads\/2025\/03\/BARAO-NOVO-NOTICIAS-1-768x175.jpg 768w\" sizes=\"auto, (max-width: 897px) 100vw, 897px\" \/><\/figure>\n\n\n\n<p>Por motivo de seguran\u00e7a, a pista segue totalmente interditada no sentido Santa Catarina, nas proximidades do posto da PRF em Tijucas do Sul.\u00a0O tr\u00e1fego est\u00e1 sendo desviado, e a recomenda\u00e7\u00e3o \u00e9 que os motoristas evitem a regi\u00e3o.<\/p>\n\n\n\n<p>As causas do acidente ainda est\u00e3o sendo apuradas, e a ocorr\u00eancia segue em andamento.<\/p>\n\n\n\n<p>Novas informa\u00e7\u00f5es ser\u00e3o divulgadas assim que confirmadas pelos \u00f3rg\u00e3os oficiais.<\/p>\n\n\n\n<figure class=\"wp-block-video\"><video height=\"1280\" style=\"aspect-ratio: 720 \/ 1280;\" width=\"720\" controls src=\"https:\/\/radiostudiow.com.br\/site\/wp-content\/uploads\/2025\/11\/WhatsApp-Video-2025-11-12-at-06.55.11.mp4\"><\/video><\/figure>\n","protected":false},"excerpt":{"rendered":"<p>Um grave acidente foi registrado por volta das 5h desta quarta-feira, 12 de novembro, no km 667 da BR-376, em Guaratuba, no litoral do Paran\u00e1. De acordo com informa\u00e7\u00f5es da Pol\u00edcia Rodovi\u00e1ria Federal (PRF), uma carreta tombou sobre uma van de passageiros, provocando um inc\u00eandio logo ap\u00f3s o impacto.\u00a0As primeiras informa\u00e7\u00f5es indicam pelo menos 12 [&hellip;]<\/p>\n","protected":false},"author":2,"featured_media":44680,"comment_status":"open","ping_status":"open","sticky":false,"template":"","format":"standard","meta":{"footnotes":""},"categories":[185],"tags":[172],"class_list":["post-44679","post","type-post","status-publish","format-standard","has-post-thumbnail","hentry","category-regional","tag-featured"],"amp_enabled":true,"_links":{"self":[{"href":"https:\/\/radiostudiow.com.br\/site\/wp-json\/wp\/v2\/posts\/44679","targetHints":{"allow":["GET"]}}],"collection":[{"href":"https:\/\/radiostudiow.com.br\/site\/wp-json\/wp\/v2\/posts"}],"about":[{"href":"https:\/\/radiostudiow.com.br\/site\/wp-json\/wp\/v2\/types\/post"}],"author":[{"embeddable":true,"href":"https:\/\/radiostudiow.com.br\/site\/wp-json\/wp\/v2\/users\/2"}],"replies":[{"embeddable":true,"href":"https:\/\/radiostudiow.com.br\/site\/wp-json\/wp\/v2\/comments?post=44679"}],"version-history":[{"count":1,"href":"https:\/\/radiostudiow.com.br\/site\/wp-json\/wp\/v2\/posts\/44679\/revisions"}],"predecessor-version":[{"id":44682,"href":"https:\/\/radiostudiow.com.br\/site\/wp-json\/wp\/v2\/posts\/44679\/revisions\/44682"}],"wp:featuredmedia":[{"embeddable":true,"href":"https:\/\/radiostudiow.com.br\/site\/wp-json\/wp\/v2\/media\/44680"}],"wp:attachment":[{"href":"https:\/\/radiostudiow.com.br\/site\/wp-json\/wp\/v2\/media?parent=44679"}],"wp:term":[{"taxonomy":"category","embeddable":true,"href":"https:\/\/radiostudiow.com.br\/site\/wp-json\/wp\/v2\/categories?post=44679"},{"taxonomy":"post_tag","embeddable":true,"href":"https:\/\/radiostudiow.com.br\/site\/wp-json\/wp\/v2\/tags?post=44679"}],"curies":[{"name":"wp","href":"https:\/\/api.w.org\/{rel}","templated":true}]}}