{"id":44692,"date":"2025-11-13T09:35:08","date_gmt":"2025-11-13T12:35:08","guid":{"rendered":"https:\/\/radiostudiow.com.br\/site\/?p=44692"},"modified":"2025-11-13T09:37:55","modified_gmt":"2025-11-13T12:37:55","slug":"homem-e-preso-em-mallet-com-mais-de-2-kg-de-cocaina-apos-perseguicao-policial-na-br-153","status":"publish","type":"post","link":"https:\/\/radiostudiow.com.br\/site\/2025\/11\/13\/homem-e-preso-em-mallet-com-mais-de-2-kg-de-cocaina-apos-perseguicao-policial-na-br-153\/","title":{"rendered":"Homem \u00e9 preso em Mallet com mais de 2 kg de coca\u00edna ap\u00f3s persegui\u00e7\u00e3o policial na BR-153"},"content":{"rendered":"\n<figure class=\"wp-block-image size-full\"><img loading=\"lazy\" decoding=\"async\" width=\"897\" height=\"204\" src=\"https:\/\/radiostudiow.com.br\/site\/wp-content\/uploads\/2025\/03\/image-62.png\" alt=\"\" class=\"wp-image-35859\" srcset=\"https:\/\/radiostudiow.com.br\/site\/wp-content\/uploads\/2025\/03\/image-62.png 897w, https:\/\/radiostudiow.com.br\/site\/wp-content\/uploads\/2025\/03\/image-62-300x68.png 300w, https:\/\/radiostudiow.com.br\/site\/wp-content\/uploads\/2025\/03\/image-62-768x175.png 768w\" sizes=\"auto, (max-width: 897px) 100vw, 897px\" \/><\/figure>\n\n\n\n<p>Uma opera\u00e7\u00e3o da\u00a0Pol\u00edcia Militar do Paran\u00e1\u00a0resultou na pris\u00e3o de um homem e na apreens\u00e3o de mais de\u00a02 quilos de coca\u00edna\u00a0na tarde desta quarta-feira dia12 de novembro, na\u00a0BR-153, em Mallet.<\/p>\n\n\n\n<p>De acordo com informa\u00e7\u00f5es da PM, equipes do\u00a027\u00ba Batalh\u00e3o, pertencentes \u00e0\u00a02\u00aa Companhia e 3\u00ba Pelot\u00e3o Cabo Abr\u00e3o Kanclarovicz, a RPA de Mallet, prestaram apoio \u00e0\u00a0equipe Rocam da 8\u00aa Companhia, durante a abordagem a um ve\u00edculo\u00a0GM\/Meriva, suspeito de transportar entorpecentes.<\/p>\n\n\n\n<p>Ao avistar as viaturas, o condutor do carro tentou fugir pela rodovia, dando in\u00edcio a uma\u00a0persegui\u00e7\u00e3o policial.<\/p>\n\n\n\n<figure class=\"wp-block-image size-full\"><img loading=\"lazy\" decoding=\"async\" width=\"897\" height=\"204\" src=\"https:\/\/radiostudiow.com.br\/site\/wp-content\/uploads\/2025\/02\/SITE-GRANDE7.png\" alt=\"\" class=\"wp-image-33861\" srcset=\"https:\/\/radiostudiow.com.br\/site\/wp-content\/uploads\/2025\/02\/SITE-GRANDE7.png 897w, https:\/\/radiostudiow.com.br\/site\/wp-content\/uploads\/2025\/02\/SITE-GRANDE7-300x68.png 300w, https:\/\/radiostudiow.com.br\/site\/wp-content\/uploads\/2025\/02\/SITE-GRANDE7-768x175.png 768w\" sizes=\"auto, (max-width: 897px) 100vw, 897px\" \/><\/figure>\n\n\n\n<figure class=\"wp-block-image size-large\"><img loading=\"lazy\" decoding=\"async\" width=\"768\" height=\"1024\" src=\"https:\/\/radiostudiow.com.br\/site\/wp-content\/uploads\/2025\/11\/image-38-768x1024.png\" alt=\"\" class=\"wp-image-44695\" srcset=\"https:\/\/radiostudiow.com.br\/site\/wp-content\/uploads\/2025\/11\/image-38-768x1024.png 768w, https:\/\/radiostudiow.com.br\/site\/wp-content\/uploads\/2025\/11\/image-38-225x300.png 225w, https:\/\/radiostudiow.com.br\/site\/wp-content\/uploads\/2025\/11\/image-38-1152x1536.png 1152w, https:\/\/radiostudiow.com.br\/site\/wp-content\/uploads\/2025\/11\/image-38.png 1200w\" sizes=\"auto, (max-width: 768px) 100vw, 768px\" \/><\/figure>\n\n\n\n<p>O acompanhamento t\u00e1tico se estendeu at\u00e9 a localidade conhecida como\u00a0Curva do Tacharin, no km 385 da rodovia, onde, devido \u00e0s condi\u00e7\u00f5es clim\u00e1ticas, o motorista acabou\u00a0perdendo o controle do ve\u00edculo, colidindo em um barranco e saindo da pista.<\/p>\n\n\n\n<p>Durante a abordagem, os policiais localizaram\u00a02,056 kg de subst\u00e2ncia an\u00e1loga \u00e0 coca\u00edna\u00a0escondidos no interior do carro. O condutor,\u00a0morador de Rio Azul, foi preso em flagrante e encaminhado \u00e0s autoridades competentes.<\/p>\n\n\n\n<p>O ve\u00edculo tamb\u00e9m foi\u00a0apreendido.<\/p>\n\n\n\n<figure class=\"wp-block-image size-full\"><img loading=\"lazy\" decoding=\"async\" width=\"897\" height=\"204\" src=\"https:\/\/radiostudiow.com.br\/site\/wp-content\/uploads\/2025\/03\/BARAO-NOVO-NOTICIAS-1.jpg\" alt=\"\" class=\"wp-image-35084\" srcset=\"https:\/\/radiostudiow.com.br\/site\/wp-content\/uploads\/2025\/03\/BARAO-NOVO-NOTICIAS-1.jpg 897w, https:\/\/radiostudiow.com.br\/site\/wp-content\/uploads\/2025\/03\/BARAO-NOVO-NOTICIAS-1-300x68.jpg 300w, https:\/\/radiostudiow.com.br\/site\/wp-content\/uploads\/2025\/03\/BARAO-NOVO-NOTICIAS-1-768x175.jpg 768w\" sizes=\"auto, (max-width: 897px) 100vw, 897px\" \/><\/figure>\n\n\n\n<p>Segundo a Pol\u00edcia Militar, a a\u00e7\u00e3o foi resultado de um\u00a0trabalho \u00e1gil e coordenado entre as equipes, refor\u00e7ando o compromisso da corpora\u00e7\u00e3o em combater o tr\u00e1fico de drogas e garantir a seguran\u00e7a da popula\u00e7\u00e3o.<\/p>\n\n\n\n<blockquote class=\"wp-block-quote is-layout-flow wp-block-quote-is-layout-flow\">\n<p class=\"has-text-align-center\"><em>\u201cMais uma vez, a Pol\u00edcia Militar do Paran\u00e1 demonstra efici\u00eancia e rapidez, retirando das ruas drogas que seriam comercializadas e levando \u00e0 pris\u00e3o mais um envolvido com o tr\u00e1fico\u201d.<\/em><\/p>\n<\/blockquote>\n\n\n\n<figure class=\"wp-block-image size-large\"><img loading=\"lazy\" decoding=\"async\" width=\"1024\" height=\"576\" src=\"https:\/\/radiostudiow.com.br\/site\/wp-content\/uploads\/2025\/11\/image-36-1024x576.png\" alt=\"\" class=\"wp-image-44693\" srcset=\"https:\/\/radiostudiow.com.br\/site\/wp-content\/uploads\/2025\/11\/image-36-1024x576.png 1024w, https:\/\/radiostudiow.com.br\/site\/wp-content\/uploads\/2025\/11\/image-36-300x169.png 300w, https:\/\/radiostudiow.com.br\/site\/wp-content\/uploads\/2025\/11\/image-36-768x432.png 768w, https:\/\/radiostudiow.com.br\/site\/wp-content\/uploads\/2025\/11\/image-36.png 1280w\" sizes=\"auto, (max-width: 1024px) 100vw, 1024px\" \/><\/figure>\n\n\n\n<figure class=\"wp-block-image size-full\"><img loading=\"lazy\" decoding=\"async\" width=\"897\" height=\"207\" src=\"https:\/\/radiostudiow.com.br\/site\/wp-content\/uploads\/2025\/07\/TIJOLAO.png\" alt=\"\" class=\"wp-image-40184\" srcset=\"https:\/\/radiostudiow.com.br\/site\/wp-content\/uploads\/2025\/07\/TIJOLAO.png 897w, https:\/\/radiostudiow.com.br\/site\/wp-content\/uploads\/2025\/07\/TIJOLAO-300x69.png 300w, https:\/\/radiostudiow.com.br\/site\/wp-content\/uploads\/2025\/07\/TIJOLAO-768x177.png 768w\" sizes=\"auto, (max-width: 897px) 100vw, 897px\" \/><\/figure>\n\n\n\n<figure class=\"wp-block-video\"><video height=\"478\" style=\"aspect-ratio: 848 \/ 478;\" width=\"848\" controls src=\"https:\/\/radiostudiow.com.br\/site\/wp-content\/uploads\/2025\/11\/WhatsApp-Video-2025-11-12-at-20.43.51.mp4\"><\/video><\/figure>\n","protected":false},"excerpt":{"rendered":"<p>Uma opera\u00e7\u00e3o da\u00a0Pol\u00edcia Militar do Paran\u00e1\u00a0resultou na pris\u00e3o de um homem e na apreens\u00e3o de mais de\u00a02 quilos de coca\u00edna\u00a0na tarde desta quarta-feira dia12 de novembro, na\u00a0BR-153, em Mallet. De acordo com informa\u00e7\u00f5es da PM, equipes do\u00a027\u00ba Batalh\u00e3o, pertencentes \u00e0\u00a02\u00aa Companhia e 3\u00ba Pelot\u00e3o Cabo Abr\u00e3o Kanclarovicz, a RPA de Mallet, prestaram apoio \u00e0\u00a0equipe Rocam [&hellip;]<\/p>\n","protected":false},"author":2,"featured_media":44694,"comment_status":"open","ping_status":"open","sticky":false,"template":"","format":"standard","meta":{"footnotes":""},"categories":[2],"tags":[172],"class_list":["post-44692","post","type-post","status-publish","format-standard","has-post-thumbnail","hentry","category-policial","tag-featured"],"amp_enabled":true,"_links":{"self":[{"href":"https:\/\/radiostudiow.com.br\/site\/wp-json\/wp\/v2\/posts\/44692","targetHints":{"allow":["GET"]}}],"collection":[{"href":"https:\/\/radiostudiow.com.br\/site\/wp-json\/wp\/v2\/posts"}],"about":[{"href":"https:\/\/radiostudiow.com.br\/site\/wp-json\/wp\/v2\/types\/post"}],"author":[{"embeddable":true,"href":"https:\/\/radiostudiow.com.br\/site\/wp-json\/wp\/v2\/users\/2"}],"replies":[{"embeddable":true,"href":"https:\/\/radiostudiow.com.br\/site\/wp-json\/wp\/v2\/comments?post=44692"}],"version-history":[{"count":3,"href":"https:\/\/radiostudiow.com.br\/site\/wp-json\/wp\/v2\/posts\/44692\/revisions"}],"predecessor-version":[{"id":44700,"href":"https:\/\/radiostudiow.com.br\/site\/wp-json\/wp\/v2\/posts\/44692\/revisions\/44700"}],"wp:featuredmedia":[{"embeddable":true,"href":"https:\/\/radiostudiow.com.br\/site\/wp-json\/wp\/v2\/media\/44694"}],"wp:attachment":[{"href":"https:\/\/radiostudiow.com.br\/site\/wp-json\/wp\/v2\/media?parent=44692"}],"wp:term":[{"taxonomy":"category","embeddable":true,"href":"https:\/\/radiostudiow.com.br\/site\/wp-json\/wp\/v2\/categories?post=44692"},{"taxonomy":"post_tag","embeddable":true,"href":"https:\/\/radiostudiow.com.br\/site\/wp-json\/wp\/v2\/tags?post=44692"}],"curies":[{"name":"wp","href":"https:\/\/api.w.org\/{rel}","templated":true}]}}