{"id":44701,"date":"2025-11-13T09:52:08","date_gmt":"2025-11-13T12:52:08","guid":{"rendered":"https:\/\/radiostudiow.com.br\/site\/?p=44701"},"modified":"2025-11-13T09:52:09","modified_gmt":"2025-11-13T12:52:09","slug":"explosao-em-caldeira-de-empresa-de-carvao-deixa-um-jovem-de-18-anos-morto-e-outro-ferido-em-inacio-martins","status":"publish","type":"post","link":"https:\/\/radiostudiow.com.br\/site\/2025\/11\/13\/explosao-em-caldeira-de-empresa-de-carvao-deixa-um-jovem-de-18-anos-morto-e-outro-ferido-em-inacio-martins\/","title":{"rendered":"Explos\u00e3o em caldeira de empresa de carv\u00e3o deixa um jovem de 18 anos morto e outro ferido em In\u00e1cio Martins"},"content":{"rendered":"\n<figure class=\"wp-block-image size-full\"><img loading=\"lazy\" decoding=\"async\" width=\"897\" height=\"204\" src=\"https:\/\/radiostudiow.com.br\/site\/wp-content\/uploads\/2025\/06\/BARROS.png\" alt=\"\" class=\"wp-image-39575\" srcset=\"https:\/\/radiostudiow.com.br\/site\/wp-content\/uploads\/2025\/06\/BARROS.png 897w, https:\/\/radiostudiow.com.br\/site\/wp-content\/uploads\/2025\/06\/BARROS-300x68.png 300w, https:\/\/radiostudiow.com.br\/site\/wp-content\/uploads\/2025\/06\/BARROS-768x175.png 768w\" sizes=\"auto, (max-width: 897px) 100vw, 897px\" \/><\/figure>\n\n\n\n<p>Uma explos\u00e3o em uma caldeira de uma empresa de carv\u00e3o deixou um jovem de 18 anos morto e outro ferido, na noite desta ter\u00e7a-feira (11), em In\u00e1cio Martins.<\/p>\n\n\n\n<p>De acordo com informa\u00e7\u00f5es da 8\u00aa CIPM, a equipe policial foi acionada por volta das 22h50 para comparecer ao Pronto Atendimento Municipal de Sa\u00fade, onde havia aglomera\u00e7\u00e3o de pessoas.<\/p>\n\n\n\n<p>No local, os policiais foram informados pelo m\u00e9dico de plant\u00e3o que duas v\u00edtimas de um acidente de trabalho haviam dado entrada momentos antes.<\/p>\n\n\n\n<figure class=\"wp-block-image size-full\"><img loading=\"lazy\" decoding=\"async\" width=\"598\" height=\"204\" src=\"https:\/\/radiostudiow.com.br\/site\/wp-content\/uploads\/2025\/04\/BOROX.png\" alt=\"\" class=\"wp-image-37229\" srcset=\"https:\/\/radiostudiow.com.br\/site\/wp-content\/uploads\/2025\/04\/BOROX.png 598w, https:\/\/radiostudiow.com.br\/site\/wp-content\/uploads\/2025\/04\/BOROX-300x102.png 300w\" sizes=\"auto, (max-width: 598px) 100vw, 598px\" \/><\/figure>\n\n\n\n<p>Os \u00e2nimos foram controlados, entretanto, minutos depois, houve a informa\u00e7\u00e3o de que um jovem havia morrido. Conforme informa\u00e7\u00f5es recebidas pelo Portal\u00a0<strong>RSN<\/strong>, o jovem era integrante da Casa Lar S\u00e3o Jos\u00e9. Trata-se de Valdeci Felipe, de 18 anos, de acordo com postagem feita pela entidade em redes sociais.O corpo encontra-se no Instituto M\u00e9dico Legal (IML), em Guarapuava.<\/p>\n\n\n\n<p>Segundo o Samu de Ponta Grossa , o atendimento ocorreu pela equipe de Teixeira Soares e pela ambul\u00e2ncia de In\u00e1cio Martins. Valdeci foi atingido e jogado a cerca de 10 metros de dist\u00e2ncia, sofrendo queimaduras. H\u00e1 informa\u00e7\u00f5es de que seria o primeiro dia de trabalho de Valdeci. J\u00e1 a jovem sofreu ferimentos na face ap\u00f3s ser arremessada por dois metros de dist\u00e2ncia. <em><strong>\u201cEla estava em estado de choque\u201d.<\/strong><\/em><\/p>\n\n\n\n<figure class=\"wp-block-image size-full\"><img loading=\"lazy\" decoding=\"async\" width=\"300\" height=\"180\" src=\"https:\/\/radiostudiow.com.br\/site\/wp-content\/uploads\/2025\/05\/VANE.png\" alt=\"\" class=\"wp-image-38014\"\/><\/figure>\n\n\n\n<p>O outro trabalhador ferido foi atendido pela equipe m\u00e9dica, mas o estado de sa\u00fade dele n\u00e3o foi informado.<\/p>\n\n\n\n<p>A Pol\u00edcia Militar realizou os devidos registros e garantiu a preserva\u00e7\u00e3o do local do acidente at\u00e9 a chegada das autoridades competentes para apura\u00e7\u00e3o das causas da explos\u00e3o.<\/p>\n\n\n\n<p>Ainda n\u00e3o h\u00e1 informa\u00e7\u00f5es sobre o que motivou a explos\u00e3o.<\/p>\n\n\n\n<p class=\"has-text-align-center\"><em>Informa\u00e7\u00f5es: 8\u00aa CIPM | Imagens: Redes Sociais \/ Divulga\u00e7\u00e3o | Colabora\u00e7\u00e3o: Rep\u00f3rter Kiko de Oliveira<\/em><\/p>\n","protected":false},"excerpt":{"rendered":"<p>Uma explos\u00e3o em uma caldeira de uma empresa de carv\u00e3o deixou um jovem de 18 anos morto e outro ferido, na noite desta ter\u00e7a-feira (11), em In\u00e1cio Martins. De acordo com informa\u00e7\u00f5es da 8\u00aa CIPM, a equipe policial foi acionada por volta das 22h50 para comparecer ao Pronto Atendimento Municipal de Sa\u00fade, onde havia aglomera\u00e7\u00e3o [&hellip;]<\/p>\n","protected":false},"author":2,"featured_media":44703,"comment_status":"open","ping_status":"open","sticky":false,"template":"","format":"standard","meta":{"footnotes":""},"categories":[185],"tags":[172],"class_list":["post-44701","post","type-post","status-publish","format-standard","has-post-thumbnail","hentry","category-regional","tag-featured"],"amp_enabled":true,"_links":{"self":[{"href":"https:\/\/radiostudiow.com.br\/site\/wp-json\/wp\/v2\/posts\/44701","targetHints":{"allow":["GET"]}}],"collection":[{"href":"https:\/\/radiostudiow.com.br\/site\/wp-json\/wp\/v2\/posts"}],"about":[{"href":"https:\/\/radiostudiow.com.br\/site\/wp-json\/wp\/v2\/types\/post"}],"author":[{"embeddable":true,"href":"https:\/\/radiostudiow.com.br\/site\/wp-json\/wp\/v2\/users\/2"}],"replies":[{"embeddable":true,"href":"https:\/\/radiostudiow.com.br\/site\/wp-json\/wp\/v2\/comments?post=44701"}],"version-history":[{"count":1,"href":"https:\/\/radiostudiow.com.br\/site\/wp-json\/wp\/v2\/posts\/44701\/revisions"}],"predecessor-version":[{"id":44704,"href":"https:\/\/radiostudiow.com.br\/site\/wp-json\/wp\/v2\/posts\/44701\/revisions\/44704"}],"wp:featuredmedia":[{"embeddable":true,"href":"https:\/\/radiostudiow.com.br\/site\/wp-json\/wp\/v2\/media\/44703"}],"wp:attachment":[{"href":"https:\/\/radiostudiow.com.br\/site\/wp-json\/wp\/v2\/media?parent=44701"}],"wp:term":[{"taxonomy":"category","embeddable":true,"href":"https:\/\/radiostudiow.com.br\/site\/wp-json\/wp\/v2\/categories?post=44701"},{"taxonomy":"post_tag","embeddable":true,"href":"https:\/\/radiostudiow.com.br\/site\/wp-json\/wp\/v2\/tags?post=44701"}],"curies":[{"name":"wp","href":"https:\/\/api.w.org\/{rel}","templated":true}]}}