{"id":44705,"date":"2025-11-13T10:00:39","date_gmt":"2025-11-13T13:00:39","guid":{"rendered":"https:\/\/radiostudiow.com.br\/site\/?p=44705"},"modified":"2025-11-13T10:00:39","modified_gmt":"2025-11-13T13:00:39","slug":"colisao-entre-tres-caminhoes-deixa-um-motorista-ferido-na-br-277","status":"publish","type":"post","link":"https:\/\/radiostudiow.com.br\/site\/2025\/11\/13\/colisao-entre-tres-caminhoes-deixa-um-motorista-ferido-na-br-277\/","title":{"rendered":"Colis\u00e3o entre tr\u00eas caminh\u00f5es deixa um motorista ferido na BR-277"},"content":{"rendered":"\n<figure class=\"wp-block-image size-full\"><img loading=\"lazy\" decoding=\"async\" width=\"897\" height=\"204\" src=\"https:\/\/radiostudiow.com.br\/site\/wp-content\/uploads\/2025\/01\/SITE-GRANDE3.png\" alt=\"\" class=\"wp-image-32900\" srcset=\"https:\/\/radiostudiow.com.br\/site\/wp-content\/uploads\/2025\/01\/SITE-GRANDE3.png 897w, https:\/\/radiostudiow.com.br\/site\/wp-content\/uploads\/2025\/01\/SITE-GRANDE3-300x68.png 300w, https:\/\/radiostudiow.com.br\/site\/wp-content\/uploads\/2025\/01\/SITE-GRANDE3-768x175.png 768w\" sizes=\"auto, (max-width: 897px) 100vw, 897px\" \/><\/figure>\n\n\n\n<p>Um acidente envolvendo tr\u00eas caminh\u00f5es foi registrado no km 313 da BR-277, em Prudent\u00f3polis na manh\u00e3 desta quarta-feira (12). A colis\u00e3o lateral de sentido oposto resultou em um motorista ferido gravemente e provocou a interdi\u00e7\u00e3o parcial da rodovia.<\/p>\n\n\n\n<p>De acordo com informa\u00e7\u00f5es da Pol\u00edcia Rodovi\u00e1ria Federal (PRF), os ve\u00edculos envolvidos foram um caminh\u00e3o Scania vermelho, com placas do Paraguai, um caminh\u00e3o Volvo branco, de Cascavel (PR), e um caminh\u00e3o VW branco, de Guarapuava (PR).<\/p>\n\n\n\n<figure class=\"wp-block-image size-full\"><img loading=\"lazy\" decoding=\"async\" width=\"598\" height=\"204\" src=\"https:\/\/radiostudiow.com.br\/site\/wp-content\/uploads\/2024\/01\/SITE-MEDIO.png\" alt=\"\" class=\"wp-image-18916\" srcset=\"https:\/\/radiostudiow.com.br\/site\/wp-content\/uploads\/2024\/01\/SITE-MEDIO.png 598w, https:\/\/radiostudiow.com.br\/site\/wp-content\/uploads\/2024\/01\/SITE-MEDIO-300x102.png 300w\" sizes=\"auto, (max-width: 598px) 100vw, 598px\" \/><\/figure>\n\n\n\n<p>O condutor do Scania, de 34 anos, saiu ileso e apresentou resultado negativo no teste do baf\u00f4metro. O motorista do Volvo, de 47 anos, sofreu ferimentos graves e foi encaminhado ao Hospital Santa Tereza. J\u00e1 o condutor do VW, de 31 anos, n\u00e3o se feriu. No mesmo ve\u00edculo estavam uma passageira, de 38 anos, e duas crian\u00e7as, de 3 e 5 anos, que tamb\u00e9m n\u00e3o tiveram les\u00f5es.<\/p>\n\n\n\n<p>Durante o atendimento \u00e0 ocorr\u00eancia e a retirada dos ve\u00edculos, o tr\u00e1fego na BR-277 ficou em sistema de \u201cpare e siga\u201d, at\u00e9 a libera\u00e7\u00e3o completa da via.<\/p>\n\n\n\n<p>Fonte: V.Vale<\/p>\n","protected":false},"excerpt":{"rendered":"<p>Um acidente envolvendo tr\u00eas caminh\u00f5es foi registrado no km 313 da BR-277, em Prudent\u00f3polis na manh\u00e3 desta quarta-feira (12). A colis\u00e3o lateral de sentido oposto resultou em um motorista ferido gravemente e provocou a interdi\u00e7\u00e3o parcial da rodovia. De acordo com informa\u00e7\u00f5es da Pol\u00edcia Rodovi\u00e1ria Federal (PRF), os ve\u00edculos envolvidos foram um caminh\u00e3o Scania vermelho, [&hellip;]<\/p>\n","protected":false},"author":2,"featured_media":44706,"comment_status":"open","ping_status":"open","sticky":false,"template":"","format":"standard","meta":{"footnotes":""},"categories":[185],"tags":[172],"class_list":["post-44705","post","type-post","status-publish","format-standard","has-post-thumbnail","hentry","category-regional","tag-featured"],"amp_enabled":true,"_links":{"self":[{"href":"https:\/\/radiostudiow.com.br\/site\/wp-json\/wp\/v2\/posts\/44705","targetHints":{"allow":["GET"]}}],"collection":[{"href":"https:\/\/radiostudiow.com.br\/site\/wp-json\/wp\/v2\/posts"}],"about":[{"href":"https:\/\/radiostudiow.com.br\/site\/wp-json\/wp\/v2\/types\/post"}],"author":[{"embeddable":true,"href":"https:\/\/radiostudiow.com.br\/site\/wp-json\/wp\/v2\/users\/2"}],"replies":[{"embeddable":true,"href":"https:\/\/radiostudiow.com.br\/site\/wp-json\/wp\/v2\/comments?post=44705"}],"version-history":[{"count":1,"href":"https:\/\/radiostudiow.com.br\/site\/wp-json\/wp\/v2\/posts\/44705\/revisions"}],"predecessor-version":[{"id":44707,"href":"https:\/\/radiostudiow.com.br\/site\/wp-json\/wp\/v2\/posts\/44705\/revisions\/44707"}],"wp:featuredmedia":[{"embeddable":true,"href":"https:\/\/radiostudiow.com.br\/site\/wp-json\/wp\/v2\/media\/44706"}],"wp:attachment":[{"href":"https:\/\/radiostudiow.com.br\/site\/wp-json\/wp\/v2\/media?parent=44705"}],"wp:term":[{"taxonomy":"category","embeddable":true,"href":"https:\/\/radiostudiow.com.br\/site\/wp-json\/wp\/v2\/categories?post=44705"},{"taxonomy":"post_tag","embeddable":true,"href":"https:\/\/radiostudiow.com.br\/site\/wp-json\/wp\/v2\/tags?post=44705"}],"curies":[{"name":"wp","href":"https:\/\/api.w.org\/{rel}","templated":true}]}}