{"id":44715,"date":"2025-11-13T12:00:44","date_gmt":"2025-11-13T15:00:44","guid":{"rendered":"https:\/\/radiostudiow.com.br\/site\/?p=44715"},"modified":"2025-11-13T12:12:12","modified_gmt":"2025-11-13T15:12:12","slug":"homem-com-antecedentes-criminais-por-sequestro-foi-preso-com-30-kg-drogas-ele-conduzia-uma-hb20-com-placas-de-paulo-frontin","status":"publish","type":"post","link":"https:\/\/radiostudiow.com.br\/site\/2025\/11\/13\/homem-com-antecedentes-criminais-por-sequestro-foi-preso-com-30-kg-drogas-ele-conduzia-uma-hb20-com-placas-de-paulo-frontin\/","title":{"rendered":"Homem com antecedentes criminais por sequestro, foi preso no RS com 30 kg drogas; ele conduzia uma HB20 com placas de Paulo Frontin"},"content":{"rendered":"\n<figure class=\"wp-block-image size-full\"><img loading=\"lazy\" decoding=\"async\" width=\"897\" height=\"204\" src=\"https:\/\/radiostudiow.com.br\/site\/wp-content\/uploads\/2025\/03\/image-62.png\" alt=\"\" class=\"wp-image-35859\" srcset=\"https:\/\/radiostudiow.com.br\/site\/wp-content\/uploads\/2025\/03\/image-62.png 897w, https:\/\/radiostudiow.com.br\/site\/wp-content\/uploads\/2025\/03\/image-62-300x68.png 300w, https:\/\/radiostudiow.com.br\/site\/wp-content\/uploads\/2025\/03\/image-62-768x175.png 768w\" sizes=\"auto, (max-width: 897px) 100vw, 897px\" \/><\/figure>\n\n\n\n<p class=\"has-text-align-center\"><em>Da reda\u00e7\u00e3o Porta V.Vale<\/em><\/p>\n\n\n\n<p>A equipe da Pol\u00edcia Rodovi\u00e1ria Federal prendeu um homem transportando mais de 30 quilos de maconha na tarde desta ter\u00e7a-feira (12).<\/p>\n\n\n\n<p>A abordagem ocorreu na BR-285, em Passo Fundo, norte do Rio Grande do Sul. Em a\u00e7\u00e3o de fiscaliza\u00e7\u00e3o contra crimes transfronteiri\u00e7os, policiais rodovi\u00e1rios federais abordaram o motorista de um HB20, com placas de Paulo Frontin\/PR.<\/p>\n\n\n\n<p>Durante a fiscaliza\u00e7\u00e3o, os agentes localizaram no interior do autom\u00f3vel diversos tabletes de maconha, acondicionados em sacos de cereais, em cima do banco traseiro. No total, foram apreendidos 33,2 quilos.<\/p>\n\n\n\n<p>O preso, de 40 anos, natural de Porto Uni\u00e3o, possu\u00eda antecedentes criminais por sequestro.<\/p>\n\n\n\n<p>Ele foi preso em flagrante e encaminhado com o ve\u00edculo e a droga para a pol\u00edcia judici\u00e1ria em Passo Fundo. O criminoso responder\u00e1 por tr\u00e1fico de entorpecentes.<\/p>\n\n\n\n<figure class=\"wp-block-image size-full\"><img loading=\"lazy\" decoding=\"async\" width=\"897\" height=\"204\" src=\"https:\/\/radiostudiow.com.br\/site\/wp-content\/uploads\/2025\/05\/NUTRI-MALLET.png\" alt=\"\" class=\"wp-image-37813\" srcset=\"https:\/\/radiostudiow.com.br\/site\/wp-content\/uploads\/2025\/05\/NUTRI-MALLET.png 897w, https:\/\/radiostudiow.com.br\/site\/wp-content\/uploads\/2025\/05\/NUTRI-MALLET-300x68.png 300w, https:\/\/radiostudiow.com.br\/site\/wp-content\/uploads\/2025\/05\/NUTRI-MALLET-768x175.png 768w\" sizes=\"auto, (max-width: 897px) 100vw, 897px\" \/><\/figure>\n\n\n\n<figure class=\"wp-block-video\"><video height=\"854\" style=\"aspect-ratio: 480 \/ 854;\" width=\"480\" controls src=\"https:\/\/radiostudiow.com.br\/site\/wp-content\/uploads\/2025\/11\/AQP0LKD02QELOG2TFxlK7OKOjBAzfP9UWg6hxQHAf6Zd6N2-hXjvRJHTqY6WmKY4cNSlsewV54DTBTCcfyv6TKDN.mp4\"><\/video><\/figure>\n\n\n\n<p class=\"has-text-align-center\"><em>Da reda\u00e7\u00e3o Porta V.Vale<\/em><\/p>\n\n\n\n<p><\/p>\n","protected":false},"excerpt":{"rendered":"<p>Da reda\u00e7\u00e3o Porta V.Vale A equipe da Pol\u00edcia Rodovi\u00e1ria Federal prendeu um homem transportando mais de 30 quilos de maconha na tarde desta ter\u00e7a-feira (12). A abordagem ocorreu na BR-285, em Passo Fundo, norte do Rio Grande do Sul. Em a\u00e7\u00e3o de fiscaliza\u00e7\u00e3o contra crimes transfronteiri\u00e7os, policiais rodovi\u00e1rios federais abordaram o motorista de um HB20, [&hellip;]<\/p>\n","protected":false},"author":2,"featured_media":44717,"comment_status":"open","ping_status":"open","sticky":false,"template":"","format":"standard","meta":{"footnotes":""},"categories":[2],"tags":[172],"class_list":["post-44715","post","type-post","status-publish","format-standard","has-post-thumbnail","hentry","category-policial","tag-featured"],"amp_enabled":true,"_links":{"self":[{"href":"https:\/\/radiostudiow.com.br\/site\/wp-json\/wp\/v2\/posts\/44715","targetHints":{"allow":["GET"]}}],"collection":[{"href":"https:\/\/radiostudiow.com.br\/site\/wp-json\/wp\/v2\/posts"}],"about":[{"href":"https:\/\/radiostudiow.com.br\/site\/wp-json\/wp\/v2\/types\/post"}],"author":[{"embeddable":true,"href":"https:\/\/radiostudiow.com.br\/site\/wp-json\/wp\/v2\/users\/2"}],"replies":[{"embeddable":true,"href":"https:\/\/radiostudiow.com.br\/site\/wp-json\/wp\/v2\/comments?post=44715"}],"version-history":[{"count":2,"href":"https:\/\/radiostudiow.com.br\/site\/wp-json\/wp\/v2\/posts\/44715\/revisions"}],"predecessor-version":[{"id":44729,"href":"https:\/\/radiostudiow.com.br\/site\/wp-json\/wp\/v2\/posts\/44715\/revisions\/44729"}],"wp:featuredmedia":[{"embeddable":true,"href":"https:\/\/radiostudiow.com.br\/site\/wp-json\/wp\/v2\/media\/44717"}],"wp:attachment":[{"href":"https:\/\/radiostudiow.com.br\/site\/wp-json\/wp\/v2\/media?parent=44715"}],"wp:term":[{"taxonomy":"category","embeddable":true,"href":"https:\/\/radiostudiow.com.br\/site\/wp-json\/wp\/v2\/categories?post=44715"},{"taxonomy":"post_tag","embeddable":true,"href":"https:\/\/radiostudiow.com.br\/site\/wp-json\/wp\/v2\/tags?post=44715"}],"curies":[{"name":"wp","href":"https:\/\/api.w.org\/{rel}","templated":true}]}}