{"id":44719,"date":"2025-11-13T12:03:24","date_gmt":"2025-11-13T15:03:24","guid":{"rendered":"https:\/\/radiostudiow.com.br\/site\/?p=44719"},"modified":"2025-11-13T12:03:25","modified_gmt":"2025-11-13T15:03:25","slug":"video-onibus-perde-o-controle-e-sai-da-pista-na-regiao-de-paulo-frontin","status":"publish","type":"post","link":"https:\/\/radiostudiow.com.br\/site\/2025\/11\/13\/video-onibus-perde-o-controle-e-sai-da-pista-na-regiao-de-paulo-frontin\/","title":{"rendered":"V\u00cdDEO: \u00d4nibus perde o controle e sai da pista na regi\u00e3o de Paulo Frontin"},"content":{"rendered":"\n<p>Um acidente tipo sa\u00edda de pista foi registrado na Rodovia do Xisto (BR-476), na regi\u00e3o do Limoeiro em Paulo Frontin, sentido Uni\u00e3o da Vit\u00f3ria, na tarde desta quarta-feira (12)<\/p>\n\n\n\n<p>De acordo com informa\u00e7\u00f5es, um \u00f4nibus escolar acabou saindo da pista. O tr\u00e2nsito est\u00e1 lento no local, e equipes da Pol\u00edcia Rodovi\u00e1ria Federal (PRF) foram acionadas para atender a ocorr\u00eancia.<\/p>\n\n\n\n<figure class=\"wp-block-image size-full\"><img loading=\"lazy\" decoding=\"async\" width=\"598\" height=\"204\" src=\"https:\/\/radiostudiow.com.br\/site\/wp-content\/uploads\/2024\/10\/labirati.png\" alt=\"\" class=\"wp-image-28854\" srcset=\"https:\/\/radiostudiow.com.br\/site\/wp-content\/uploads\/2024\/10\/labirati.png 598w, https:\/\/radiostudiow.com.br\/site\/wp-content\/uploads\/2024\/10\/labirati-300x102.png 300w\" sizes=\"auto, (max-width: 598px) 100vw, 598px\" \/><\/figure>\n\n\n\n<p>A princ\u00edpio, n\u00e3o h\u00e1 registro de v\u00edtimas graves, mas a PRF orienta os motoristas a redobrarem a aten\u00e7\u00e3o ao trafegar pelo trecho.<\/p>\n\n\n\n<p>Fonte: Clic Sul News<\/p>\n\n\n\n<figure class=\"wp-block-video\"><video height=\"854\" style=\"aspect-ratio: 480 \/ 854;\" width=\"480\" controls src=\"https:\/\/radiostudiow.com.br\/site\/wp-content\/uploads\/2025\/11\/FDownloader.Net_AQNw3bwA3MEz-hQHT7LcHWOoNpXKMDKwh5R8SBm1apjIlOixqqaIxwdtLeQ-mG9VsIfnLJqJpojap4pnGkedGusJk7aKRIg2wybzC8_720p_HD.mp4\"><\/video><\/figure>\n","protected":false},"excerpt":{"rendered":"<p>Um acidente tipo sa\u00edda de pista foi registrado na Rodovia do Xisto (BR-476), na regi\u00e3o do Limoeiro em Paulo Frontin, sentido Uni\u00e3o da Vit\u00f3ria, na tarde desta quarta-feira (12) De acordo com informa\u00e7\u00f5es, um \u00f4nibus escolar acabou saindo da pista. O tr\u00e2nsito est\u00e1 lento no local, e equipes da Pol\u00edcia Rodovi\u00e1ria Federal (PRF) foram acionadas [&hellip;]<\/p>\n","protected":false},"author":2,"featured_media":44721,"comment_status":"open","ping_status":"open","sticky":false,"template":"","format":"video","meta":{"footnotes":""},"categories":[185],"tags":[172],"class_list":["post-44719","post","type-post","status-publish","format-video","has-post-thumbnail","hentry","category-regional","tag-featured","post_format-post-format-video"],"amp_enabled":true,"_links":{"self":[{"href":"https:\/\/radiostudiow.com.br\/site\/wp-json\/wp\/v2\/posts\/44719","targetHints":{"allow":["GET"]}}],"collection":[{"href":"https:\/\/radiostudiow.com.br\/site\/wp-json\/wp\/v2\/posts"}],"about":[{"href":"https:\/\/radiostudiow.com.br\/site\/wp-json\/wp\/v2\/types\/post"}],"author":[{"embeddable":true,"href":"https:\/\/radiostudiow.com.br\/site\/wp-json\/wp\/v2\/users\/2"}],"replies":[{"embeddable":true,"href":"https:\/\/radiostudiow.com.br\/site\/wp-json\/wp\/v2\/comments?post=44719"}],"version-history":[{"count":1,"href":"https:\/\/radiostudiow.com.br\/site\/wp-json\/wp\/v2\/posts\/44719\/revisions"}],"predecessor-version":[{"id":44722,"href":"https:\/\/radiostudiow.com.br\/site\/wp-json\/wp\/v2\/posts\/44719\/revisions\/44722"}],"wp:featuredmedia":[{"embeddable":true,"href":"https:\/\/radiostudiow.com.br\/site\/wp-json\/wp\/v2\/media\/44721"}],"wp:attachment":[{"href":"https:\/\/radiostudiow.com.br\/site\/wp-json\/wp\/v2\/media?parent=44719"}],"wp:term":[{"taxonomy":"category","embeddable":true,"href":"https:\/\/radiostudiow.com.br\/site\/wp-json\/wp\/v2\/categories?post=44719"},{"taxonomy":"post_tag","embeddable":true,"href":"https:\/\/radiostudiow.com.br\/site\/wp-json\/wp\/v2\/tags?post=44719"}],"curies":[{"name":"wp","href":"https:\/\/api.w.org\/{rel}","templated":true}]}}