{"id":44723,"date":"2025-11-13T12:05:29","date_gmt":"2025-11-13T15:05:29","guid":{"rendered":"https:\/\/radiostudiow.com.br\/site\/?p=44723"},"modified":"2025-11-13T12:07:43","modified_gmt":"2025-11-13T15:07:43","slug":"motorista-de-mallet-foi-preso-com-carga-de-drogas-avaliada-em-r-75-mil","status":"publish","type":"post","link":"https:\/\/radiostudiow.com.br\/site\/2025\/11\/13\/motorista-de-mallet-foi-preso-com-carga-de-drogas-avaliada-em-r-75-mil\/","title":{"rendered":"Motorista de Mallet foi preso com carga de drogas avaliada em R$ 75 mil"},"content":{"rendered":"\n<figure class=\"wp-block-image size-full is-resized\"><img loading=\"lazy\" decoding=\"async\" width=\"1024\" height=\"591\" src=\"https:\/\/radiostudiow.com.br\/site\/wp-content\/uploads\/2025\/09\/image-61.png\" alt=\"\" class=\"wp-image-42556\" style=\"width:513px;height:auto\" srcset=\"https:\/\/radiostudiow.com.br\/site\/wp-content\/uploads\/2025\/09\/image-61.png 1024w, https:\/\/radiostudiow.com.br\/site\/wp-content\/uploads\/2025\/09\/image-61-300x173.png 300w, https:\/\/radiostudiow.com.br\/site\/wp-content\/uploads\/2025\/09\/image-61-768x443.png 768w\" sizes=\"auto, (max-width: 1024px) 100vw, 1024px\" \/><\/figure>\n\n\n\n<p class=\"has-text-align-center\"><em>Da reda\u00e7\u00e3o Porta V.Vale<\/em><\/p>\n\n\n\n<p>Agentes da Pol\u00edcia Rodovi\u00e1ria Federal (PRF) de Cascavel encaminharam \u00e0 Delegacia de Pol\u00edcia Civil um homem, de 58 anos morador de Mallet preso por transportar 80 quilos de coca\u00edna na tarde desta quarta-feira (12).<\/p>\n\n\n\n<p>O flagrante ocorreu durante uma fiscaliza\u00e7\u00e3o de rotina realizada no quil\u00f4metro 560 da rodovia BR-277, trecho que liga as cidades de Cascavel e Catanduvas.<\/p>\n\n\n\n<p>De acordo com as informa\u00e7\u00f5es fornecidas, os policiais abordaram um caminh\u00e3o-ba\u00fa carregado com papel\u00e3o, cujo destino era a cidade de Quedas do Igua\u00e7u. Diante de suspeitas, foi realizada uma vistoria minuciosa no ve\u00edculo. Durante o procedimento, os agentes localizaram o entorpecente escondido no estepe do caminh\u00e3o.<\/p>\n\n\n\n<figure class=\"wp-block-image size-full\"><img loading=\"lazy\" decoding=\"async\" width=\"897\" height=\"204\" src=\"https:\/\/radiostudiow.com.br\/site\/wp-content\/uploads\/2025\/03\/BARAO-NOVO-NOTICIAS-1.jpg\" alt=\"\" class=\"wp-image-35084\" srcset=\"https:\/\/radiostudiow.com.br\/site\/wp-content\/uploads\/2025\/03\/BARAO-NOVO-NOTICIAS-1.jpg 897w, https:\/\/radiostudiow.com.br\/site\/wp-content\/uploads\/2025\/03\/BARAO-NOVO-NOTICIAS-1-300x68.jpg 300w, https:\/\/radiostudiow.com.br\/site\/wp-content\/uploads\/2025\/03\/BARAO-NOVO-NOTICIAS-1-768x175.jpg 768w\" sizes=\"auto, (max-width: 897px) 100vw, 897px\" \/><\/figure>\n\n\n\n<p>O motorista n\u00e3o revelou \u00e0 PRF qual seria o destino da carga il\u00edcita. Ele ser\u00e1 ouvido pela autoridade policial competente, que ir\u00e1 definir as medidas cab\u00edveis.<\/p>\n\n\n\n<p>O valor comercial da droga \u00e9 elevado: estima-se que o pre\u00e7o do quilo de coca\u00edna seja de aproximadamente R$ 75 mil.<\/p>\n\n\n\n<p class=\"has-text-align-center\"><em>Da reda\u00e7\u00e3o Porta V.Vale<\/em><\/p>\n\n\n\n<p><\/p>\n","protected":false},"excerpt":{"rendered":"<p>Da reda\u00e7\u00e3o Porta V.Vale Agentes da Pol\u00edcia Rodovi\u00e1ria Federal (PRF) de Cascavel encaminharam \u00e0 Delegacia de Pol\u00edcia Civil um homem, de 58 anos morador de Mallet preso por transportar 80 quilos de coca\u00edna na tarde desta quarta-feira (12). O flagrante ocorreu durante uma fiscaliza\u00e7\u00e3o de rotina realizada no quil\u00f4metro 560 da rodovia BR-277, trecho que [&hellip;]<\/p>\n","protected":false},"author":2,"featured_media":44724,"comment_status":"open","ping_status":"open","sticky":false,"template":"","format":"standard","meta":{"footnotes":""},"categories":[2],"tags":[172],"class_list":["post-44723","post","type-post","status-publish","format-standard","has-post-thumbnail","hentry","category-policial","tag-featured"],"amp_enabled":true,"_links":{"self":[{"href":"https:\/\/radiostudiow.com.br\/site\/wp-json\/wp\/v2\/posts\/44723","targetHints":{"allow":["GET"]}}],"collection":[{"href":"https:\/\/radiostudiow.com.br\/site\/wp-json\/wp\/v2\/posts"}],"about":[{"href":"https:\/\/radiostudiow.com.br\/site\/wp-json\/wp\/v2\/types\/post"}],"author":[{"embeddable":true,"href":"https:\/\/radiostudiow.com.br\/site\/wp-json\/wp\/v2\/users\/2"}],"replies":[{"embeddable":true,"href":"https:\/\/radiostudiow.com.br\/site\/wp-json\/wp\/v2\/comments?post=44723"}],"version-history":[{"count":2,"href":"https:\/\/radiostudiow.com.br\/site\/wp-json\/wp\/v2\/posts\/44723\/revisions"}],"predecessor-version":[{"id":44727,"href":"https:\/\/radiostudiow.com.br\/site\/wp-json\/wp\/v2\/posts\/44723\/revisions\/44727"}],"wp:featuredmedia":[{"embeddable":true,"href":"https:\/\/radiostudiow.com.br\/site\/wp-json\/wp\/v2\/media\/44724"}],"wp:attachment":[{"href":"https:\/\/radiostudiow.com.br\/site\/wp-json\/wp\/v2\/media?parent=44723"}],"wp:term":[{"taxonomy":"category","embeddable":true,"href":"https:\/\/radiostudiow.com.br\/site\/wp-json\/wp\/v2\/categories?post=44723"},{"taxonomy":"post_tag","embeddable":true,"href":"https:\/\/radiostudiow.com.br\/site\/wp-json\/wp\/v2\/tags?post=44723"}],"curies":[{"name":"wp","href":"https:\/\/api.w.org\/{rel}","templated":true}]}}