{"id":44730,"date":"2025-11-13T17:29:31","date_gmt":"2025-11-13T20:29:31","guid":{"rendered":"https:\/\/radiostudiow.com.br\/site\/?p=44730"},"modified":"2025-11-14T11:05:41","modified_gmt":"2025-11-14T14:05:41","slug":"pane-mecanica-em-caminhao-bloqueia-parcialmente-a-br-153-entre-reboucas-e-rio-azul","status":"publish","type":"post","link":"https:\/\/radiostudiow.com.br\/site\/2025\/11\/13\/pane-mecanica-em-caminhao-bloqueia-parcialmente-a-br-153-entre-reboucas-e-rio-azul\/","title":{"rendered":"Pane mec\u00e2nica em caminh\u00e3o bloqueia parcialmente a BR-153 em Irati"},"content":{"rendered":"<div class=\"wp-block-image\">\n<figure class=\"aligncenter size-full is-resized\"><img loading=\"lazy\" decoding=\"async\" width=\"1024\" height=\"591\" src=\"https:\/\/radiostudiow.com.br\/site\/wp-content\/uploads\/2025\/09\/CASA-DO-CRIADOR.png\" alt=\"\" class=\"wp-image-42859\" style=\"width:574px;height:auto\" srcset=\"https:\/\/radiostudiow.com.br\/site\/wp-content\/uploads\/2025\/09\/CASA-DO-CRIADOR.png 1024w, https:\/\/radiostudiow.com.br\/site\/wp-content\/uploads\/2025\/09\/CASA-DO-CRIADOR-300x173.png 300w, https:\/\/radiostudiow.com.br\/site\/wp-content\/uploads\/2025\/09\/CASA-DO-CRIADOR-768x443.png 768w\" sizes=\"auto, (max-width: 1024px) 100vw, 1024px\" \/><\/figure>\n<\/div>\n\n\n<p class=\"has-text-align-center\"><em>Da reda\u00e7\u00e3o Folha de Irati \/ Esther Kremer com informa\u00e7\u00f5es de Nilton Pabis<\/em><\/p>\n\n\n\n<p>Um caminh\u00e3o acabou atravessando a pista, interditou parcialmente a BR-153, rotat\u00f3ria que d\u00e1 acesso aos munic\u00edpios de Rebou\u00e7as e Rio Azul na tarde desta quinta-feira (13).<\/p>\n\n\n\n<p>O ve\u00edculo apresentou pane mec\u00e2nica, foi acionado a equipe da Guarda Municipal para monitorar do tr\u00e1fego e orientar os motoristas sobre rotas alternativas. Uma estrada de ch\u00e3o lateral, permite a passagem de ve\u00edculos que interliga a BR-277 e a BR-153.<\/p>\n\n\n\n<p>As equipes de apoio aguardam a remo\u00e7\u00e3o do caminh\u00e3o para que o tr\u00e1fego seja restabelecido. A recomenda\u00e7\u00e3o das autoridades \u00e9 que os condutores redobrem a aten\u00e7\u00e3o e evitem o trecho at\u00e9 a libera\u00e7\u00e3o total da pista.<\/p>\n\n\n\n<p>O incidente ocorreu pr\u00f3ximo ao Posto Progresso, local de grande movimento de caminh\u00f5es e ve\u00edculos leves. At\u00e9 o fechamento desta mat\u00e9ria, a via seguia com interdi\u00e7\u00e3o parcial e tr\u00e2nsito lento nos dois sentidos.<\/p>\n\n\n\n<p>Apesar do transtorno, n\u00e3o houve registro de feridos.<\/p>\n\n\n\n<figure class=\"wp-block-gallery has-nested-images columns-default is-cropped wp-block-gallery-1 is-layout-flex wp-block-gallery-is-layout-flex\">\n<figure class=\"wp-block-image size-large\"><img loading=\"lazy\" decoding=\"async\" width=\"1024\" height=\"614\" data-id=\"38784\" src=\"https:\/\/radiostudiow.com.br\/site\/wp-content\/uploads\/2025\/05\/5914fcac-c2b4-4795-a120-dc162c4a6466-1024x614.jpg\" alt=\"\" class=\"wp-image-38784\" srcset=\"https:\/\/radiostudiow.com.br\/site\/wp-content\/uploads\/2025\/05\/5914fcac-c2b4-4795-a120-dc162c4a6466-1024x614.jpg 1024w, https:\/\/radiostudiow.com.br\/site\/wp-content\/uploads\/2025\/05\/5914fcac-c2b4-4795-a120-dc162c4a6466-300x180.jpg 300w, https:\/\/radiostudiow.com.br\/site\/wp-content\/uploads\/2025\/05\/5914fcac-c2b4-4795-a120-dc162c4a6466-768x460.jpg 768w, https:\/\/radiostudiow.com.br\/site\/wp-content\/uploads\/2025\/05\/5914fcac-c2b4-4795-a120-dc162c4a6466-1536x921.jpg 1536w, https:\/\/radiostudiow.com.br\/site\/wp-content\/uploads\/2025\/05\/5914fcac-c2b4-4795-a120-dc162c4a6466-1000x600.jpg 1000w, https:\/\/radiostudiow.com.br\/site\/wp-content\/uploads\/2025\/05\/5914fcac-c2b4-4795-a120-dc162c4a6466-590x354.jpg 590w, https:\/\/radiostudiow.com.br\/site\/wp-content\/uploads\/2025\/05\/5914fcac-c2b4-4795-a120-dc162c4a6466-400x240.jpg 400w, https:\/\/radiostudiow.com.br\/site\/wp-content\/uploads\/2025\/05\/5914fcac-c2b4-4795-a120-dc162c4a6466.jpg 1600w\" sizes=\"auto, (max-width: 1024px) 100vw, 1024px\" \/><\/figure>\n\n\n\n<figure class=\"wp-block-image size-large\"><img decoding=\"async\" data-id=\"44123\" src=\"https:\/\/radiostudiow.com.br\/site\/wp-content\/uploads\/2025\/10\/SUPREMA-BARBA.png\" alt=\"\" class=\"wp-image-44123\"\/><\/figure>\n<\/figure>\n\n\n\n<p><a href=\"https:\/\/folhadeirati.com.br\/author\/equiperedacao\/\"><\/a><\/p>\n\n\n\n<figure class=\"wp-block-image size-full\"><img loading=\"lazy\" decoding=\"async\" width=\"1024\" height=\"785\" src=\"https:\/\/radiostudiow.com.br\/site\/wp-content\/uploads\/2025\/11\/image-42.png\" alt=\"\" class=\"wp-image-44732\" srcset=\"https:\/\/radiostudiow.com.br\/site\/wp-content\/uploads\/2025\/11\/image-42.png 1024w, https:\/\/radiostudiow.com.br\/site\/wp-content\/uploads\/2025\/11\/image-42-300x230.png 300w, https:\/\/radiostudiow.com.br\/site\/wp-content\/uploads\/2025\/11\/image-42-768x589.png 768w\" sizes=\"auto, (max-width: 1024px) 100vw, 1024px\" \/><\/figure>\n\n\n\n<p><\/p>\n","protected":false},"excerpt":{"rendered":"<p>Da reda\u00e7\u00e3o Folha de Irati \/ Esther Kremer com informa\u00e7\u00f5es de Nilton Pabis Um caminh\u00e3o acabou atravessando a pista, interditou parcialmente a BR-153, rotat\u00f3ria que d\u00e1 acesso aos munic\u00edpios de Rebou\u00e7as e Rio Azul na tarde desta quinta-feira (13). O ve\u00edculo apresentou pane mec\u00e2nica, foi acionado a equipe da Guarda Municipal para monitorar do tr\u00e1fego [&hellip;]<\/p>\n","protected":false},"author":2,"featured_media":44731,"comment_status":"open","ping_status":"open","sticky":false,"template":"","format":"standard","meta":{"footnotes":""},"categories":[185],"tags":[172],"class_list":["post-44730","post","type-post","status-publish","format-standard","has-post-thumbnail","hentry","category-regional","tag-featured"],"amp_enabled":true,"_links":{"self":[{"href":"https:\/\/radiostudiow.com.br\/site\/wp-json\/wp\/v2\/posts\/44730","targetHints":{"allow":["GET"]}}],"collection":[{"href":"https:\/\/radiostudiow.com.br\/site\/wp-json\/wp\/v2\/posts"}],"about":[{"href":"https:\/\/radiostudiow.com.br\/site\/wp-json\/wp\/v2\/types\/post"}],"author":[{"embeddable":true,"href":"https:\/\/radiostudiow.com.br\/site\/wp-json\/wp\/v2\/users\/2"}],"replies":[{"embeddable":true,"href":"https:\/\/radiostudiow.com.br\/site\/wp-json\/wp\/v2\/comments?post=44730"}],"version-history":[{"count":2,"href":"https:\/\/radiostudiow.com.br\/site\/wp-json\/wp\/v2\/posts\/44730\/revisions"}],"predecessor-version":[{"id":44758,"href":"https:\/\/radiostudiow.com.br\/site\/wp-json\/wp\/v2\/posts\/44730\/revisions\/44758"}],"wp:featuredmedia":[{"embeddable":true,"href":"https:\/\/radiostudiow.com.br\/site\/wp-json\/wp\/v2\/media\/44731"}],"wp:attachment":[{"href":"https:\/\/radiostudiow.com.br\/site\/wp-json\/wp\/v2\/media?parent=44730"}],"wp:term":[{"taxonomy":"category","embeddable":true,"href":"https:\/\/radiostudiow.com.br\/site\/wp-json\/wp\/v2\/categories?post=44730"},{"taxonomy":"post_tag","embeddable":true,"href":"https:\/\/radiostudiow.com.br\/site\/wp-json\/wp\/v2\/tags?post=44730"}],"curies":[{"name":"wp","href":"https:\/\/api.w.org\/{rel}","templated":true}]}}