{"id":44744,"date":"2025-11-14T10:28:02","date_gmt":"2025-11-14T13:28:02","guid":{"rendered":"https:\/\/radiostudiow.com.br\/site\/?p=44744"},"modified":"2025-11-14T10:29:17","modified_gmt":"2025-11-14T13:29:17","slug":"gabarito-do-enem-2025-saiu-nesta-quinta-feira-confira","status":"publish","type":"post","link":"https:\/\/radiostudiow.com.br\/site\/2025\/11\/14\/gabarito-do-enem-2025-saiu-nesta-quinta-feira-confira\/","title":{"rendered":"Gabarito do Enem 2025 saiu nesta semana, vem conferir como acessar"},"content":{"rendered":"\n<p>O Instituto Nacional de Estudos e Pesquisas Educacionais An\u00edsio Teixeira (Inep) divulgou nesta quinta-feira (13) o gabarito oficial do primeiro dia do Exame Nacional do Ensino M\u00e9dio (Enem) 2025. As&nbsp;provas objetivas foram aplicadas&nbsp;no \u00faltimo domingo (9).<\/p>\n\n\n\n<p>A data foi anunciada pelo ministro da Educa\u00e7\u00e3o, Camilo Santana,&nbsp;durante entrevista coletiva de&nbsp;balan\u00e7o do primeiro dia de aplica\u00e7\u00e3o das provas.<\/p>\n\n\n\n<blockquote class=\"wp-block-quote is-layout-flow wp-block-quote-is-layout-flow\">\n<p class=\"has-text-align-center\">Os candidatos poder\u00e3o conferir como foram pelo site: <a href=\"http:\/\/www.gov.br\/pt-br\">www.gov.br\/pt-br, clicando AQUI<\/a> ir na se\u00e7\u00e3o\u00a0<a href=\"https:\/\/www.gov.br\/inep\/pt-br\/areas-de-atuacao\/avaliacao-e-exames-educacionais\/enem\/provas-e-gabaritos\" target=\"_blank\" rel=\"noreferrer noopener\">Provas e Gabaritos<\/a>, disponibilizada pelo instituto.<\/p>\n<\/blockquote>\n\n\n\n<figure class=\"wp-block-image size-full\"><img loading=\"lazy\" decoding=\"async\" width=\"897\" height=\"204\" src=\"https:\/\/radiostudiow.com.br\/site\/wp-content\/uploads\/2025\/01\/SITE-GRANDE4.png\" alt=\"\" class=\"wp-image-32888\" srcset=\"https:\/\/radiostudiow.com.br\/site\/wp-content\/uploads\/2025\/01\/SITE-GRANDE4.png 897w, https:\/\/radiostudiow.com.br\/site\/wp-content\/uploads\/2025\/01\/SITE-GRANDE4-300x68.png 300w, https:\/\/radiostudiow.com.br\/site\/wp-content\/uploads\/2025\/01\/SITE-GRANDE4-768x175.png 768w\" sizes=\"auto, (max-width: 897px) 100vw, 897px\" \/><\/figure>\n\n\n\n<p><strong>Primeiro dia<\/strong><\/p>\n\n\n\n<p>Cerca de\u00a03,51 milh\u00f5es de estudantes\u00a0resolveram 90 quest\u00f5es objetivas, sendo 45 de linguagens e 45 de ci\u00eancias humanas, al\u00e9m da reda\u00e7\u00e3o para desenvolvimento de um texto dissertativo-argumentativo, com o tema\u00a0<strong><em>\u201cPerspectivas acerca do envelhecimento na sociedade brasileira\u201d.<\/em><\/strong><\/p>\n\n\n\n<p>As provas do Enem 2025 foram aplicadas em&nbsp;164.906 salas, distribu\u00eddas em 1.805 munic\u00edpios de todas as 27 unidades da federa\u00e7\u00e3o.<\/p>\n\n\n\n<p><em>Fonte Portal Irati<\/em><\/p>\n","protected":false},"excerpt":{"rendered":"<p>O Instituto Nacional de Estudos e Pesquisas Educacionais An\u00edsio Teixeira (Inep) divulgou nesta quinta-feira (13) o gabarito oficial do primeiro dia do Exame Nacional do Ensino M\u00e9dio (Enem) 2025. As&nbsp;provas objetivas foram aplicadas&nbsp;no \u00faltimo domingo (9). A data foi anunciada pelo ministro da Educa\u00e7\u00e3o, Camilo Santana,&nbsp;durante entrevista coletiva de&nbsp;balan\u00e7o do primeiro dia de aplica\u00e7\u00e3o das [&hellip;]<\/p>\n","protected":false},"author":2,"featured_media":44745,"comment_status":"open","ping_status":"open","sticky":false,"template":"","format":"standard","meta":{"footnotes":""},"categories":[7],"tags":[172],"class_list":["post-44744","post","type-post","status-publish","format-standard","has-post-thumbnail","hentry","category-geral","tag-featured"],"amp_enabled":true,"_links":{"self":[{"href":"https:\/\/radiostudiow.com.br\/site\/wp-json\/wp\/v2\/posts\/44744","targetHints":{"allow":["GET"]}}],"collection":[{"href":"https:\/\/radiostudiow.com.br\/site\/wp-json\/wp\/v2\/posts"}],"about":[{"href":"https:\/\/radiostudiow.com.br\/site\/wp-json\/wp\/v2\/types\/post"}],"author":[{"embeddable":true,"href":"https:\/\/radiostudiow.com.br\/site\/wp-json\/wp\/v2\/users\/2"}],"replies":[{"embeddable":true,"href":"https:\/\/radiostudiow.com.br\/site\/wp-json\/wp\/v2\/comments?post=44744"}],"version-history":[{"count":2,"href":"https:\/\/radiostudiow.com.br\/site\/wp-json\/wp\/v2\/posts\/44744\/revisions"}],"predecessor-version":[{"id":44748,"href":"https:\/\/radiostudiow.com.br\/site\/wp-json\/wp\/v2\/posts\/44744\/revisions\/44748"}],"wp:featuredmedia":[{"embeddable":true,"href":"https:\/\/radiostudiow.com.br\/site\/wp-json\/wp\/v2\/media\/44745"}],"wp:attachment":[{"href":"https:\/\/radiostudiow.com.br\/site\/wp-json\/wp\/v2\/media?parent=44744"}],"wp:term":[{"taxonomy":"category","embeddable":true,"href":"https:\/\/radiostudiow.com.br\/site\/wp-json\/wp\/v2\/categories?post=44744"},{"taxonomy":"post_tag","embeddable":true,"href":"https:\/\/radiostudiow.com.br\/site\/wp-json\/wp\/v2\/tags?post=44744"}],"curies":[{"name":"wp","href":"https:\/\/api.w.org\/{rel}","templated":true}]}}