{"id":44749,"date":"2025-11-14T10:35:47","date_gmt":"2025-11-14T13:35:47","guid":{"rendered":"https:\/\/radiostudiow.com.br\/site\/?p=44749"},"modified":"2025-11-14T10:35:48","modified_gmt":"2025-11-14T13:35:48","slug":"caminhao-pega-fogo-na-br-277-em-prudentopolis-na-serra-da-esperanca","status":"publish","type":"post","link":"https:\/\/radiostudiow.com.br\/site\/2025\/11\/14\/caminhao-pega-fogo-na-br-277-em-prudentopolis-na-serra-da-esperanca\/","title":{"rendered":"Caminh\u00e3o pega fogo na BR-277 em Prudent\u00f3polis, na Serra da Esperan\u00e7a"},"content":{"rendered":"\n<figure class=\"wp-block-image size-full\"><img loading=\"lazy\" decoding=\"async\" width=\"897\" height=\"207\" src=\"https:\/\/radiostudiow.com.br\/site\/wp-content\/uploads\/2025\/07\/TIJOLAO.png\" alt=\"\" class=\"wp-image-40184\" srcset=\"https:\/\/radiostudiow.com.br\/site\/wp-content\/uploads\/2025\/07\/TIJOLAO.png 897w, https:\/\/radiostudiow.com.br\/site\/wp-content\/uploads\/2025\/07\/TIJOLAO-300x69.png 300w, https:\/\/radiostudiow.com.br\/site\/wp-content\/uploads\/2025\/07\/TIJOLAO-768x177.png 768w\" sizes=\"auto, (max-width: 897px) 100vw, 897px\" \/><\/figure>\n\n\n\n<p>Caminh\u00e3o com placas de Ponta Grossa pegou fogo no km 314 da BR-277, em Prudent\u00f3polis, na Serra da Esperan\u00e7a na manh\u00e3 desta quinta-feira (13).<\/p>\n\n\n\n<p>O motorista, de 34 anos, n\u00e3o se feriu.&nbsp;O Corpo de Bombeiros precisou interditar totalmente a rodovia por cerca de uma hora para controlar o inc\u00eandio.<\/p>\n\n\n\n<p>Segundo a PRF, ap\u00f3s o atendimento, o tr\u00e1fego foi liberado nos dois sentidos com desvio. O ve\u00edculo ainda permanece no local e deve ser removido em seguida.<\/p>\n\n\n\n<p class=\"has-text-align-center\"><em>Fonte:\u00a0Portal P97<\/em><\/p>\n","protected":false},"excerpt":{"rendered":"<p>Caminh\u00e3o com placas de Ponta Grossa pegou fogo no km 314 da BR-277, em Prudent\u00f3polis, na Serra da Esperan\u00e7a na manh\u00e3 desta quinta-feira (13). O motorista, de 34 anos, n\u00e3o se feriu.&nbsp;O Corpo de Bombeiros precisou interditar totalmente a rodovia por cerca de uma hora para controlar o inc\u00eandio. Segundo a PRF, ap\u00f3s o atendimento, [&hellip;]<\/p>\n","protected":false},"author":2,"featured_media":44750,"comment_status":"open","ping_status":"open","sticky":false,"template":"","format":"standard","meta":{"footnotes":""},"categories":[185],"tags":[172],"class_list":["post-44749","post","type-post","status-publish","format-standard","has-post-thumbnail","hentry","category-regional","tag-featured"],"amp_enabled":true,"_links":{"self":[{"href":"https:\/\/radiostudiow.com.br\/site\/wp-json\/wp\/v2\/posts\/44749","targetHints":{"allow":["GET"]}}],"collection":[{"href":"https:\/\/radiostudiow.com.br\/site\/wp-json\/wp\/v2\/posts"}],"about":[{"href":"https:\/\/radiostudiow.com.br\/site\/wp-json\/wp\/v2\/types\/post"}],"author":[{"embeddable":true,"href":"https:\/\/radiostudiow.com.br\/site\/wp-json\/wp\/v2\/users\/2"}],"replies":[{"embeddable":true,"href":"https:\/\/radiostudiow.com.br\/site\/wp-json\/wp\/v2\/comments?post=44749"}],"version-history":[{"count":1,"href":"https:\/\/radiostudiow.com.br\/site\/wp-json\/wp\/v2\/posts\/44749\/revisions"}],"predecessor-version":[{"id":44751,"href":"https:\/\/radiostudiow.com.br\/site\/wp-json\/wp\/v2\/posts\/44749\/revisions\/44751"}],"wp:featuredmedia":[{"embeddable":true,"href":"https:\/\/radiostudiow.com.br\/site\/wp-json\/wp\/v2\/media\/44750"}],"wp:attachment":[{"href":"https:\/\/radiostudiow.com.br\/site\/wp-json\/wp\/v2\/media?parent=44749"}],"wp:term":[{"taxonomy":"category","embeddable":true,"href":"https:\/\/radiostudiow.com.br\/site\/wp-json\/wp\/v2\/categories?post=44749"},{"taxonomy":"post_tag","embeddable":true,"href":"https:\/\/radiostudiow.com.br\/site\/wp-json\/wp\/v2\/tags?post=44749"}],"curies":[{"name":"wp","href":"https:\/\/api.w.org\/{rel}","templated":true}]}}