{"id":44754,"date":"2025-11-14T10:44:40","date_gmt":"2025-11-14T13:44:40","guid":{"rendered":"https:\/\/radiostudiow.com.br\/site\/?p=44754"},"modified":"2025-11-14T11:27:34","modified_gmt":"2025-11-14T14:27:34","slug":"policia-militar-apreende-som-em-uniao-da-vitoria","status":"publish","type":"post","link":"https:\/\/radiostudiow.com.br\/site\/2025\/11\/14\/policia-militar-apreende-som-em-uniao-da-vitoria\/","title":{"rendered":"Pol\u00edcia Militar apreende som em Uni\u00e3o da Vit\u00f3ria"},"content":{"rendered":"\n<figure class=\"wp-block-image size-full\"><img loading=\"lazy\" decoding=\"async\" width=\"300\" height=\"180\" src=\"https:\/\/radiostudiow.com.br\/site\/wp-content\/uploads\/2025\/05\/SITE-PEQUENO.jpg\" alt=\"\" class=\"wp-image-38684\"\/><\/figure>\n\n\n\n<p>A equipe Pol\u00edcia Militar de Uni\u00e3o da Vit\u00f3ria foi acionada para prestar atendimento a uma situa\u00e7\u00e3o de perturba\u00e7\u00e3o do sossego no bairro Rio D&#8217;Areia por volta das 12h40min dessa quinta-feira (13).<\/p>\n\n\n\n<p>Ao se aproximar do local, j\u00e1 na esquina da rua, foi poss\u00edvel ouvir som em volume extremamente alto, aparentemente oriundo de aparelhagem sonora. No interior do im\u00f3vel, encontrava-se um masculino que se apresentou como respons\u00e1vel pelo aparelho de som.<\/p>\n\n\n\n<figure class=\"wp-block-image size-full\"><img loading=\"lazy\" decoding=\"async\" width=\"897\" height=\"204\" src=\"https:\/\/radiostudiow.com.br\/site\/wp-content\/uploads\/2025\/02\/SITE-GRANDE7.png\" alt=\"\" class=\"wp-image-33861\" srcset=\"https:\/\/radiostudiow.com.br\/site\/wp-content\/uploads\/2025\/02\/SITE-GRANDE7.png 897w, https:\/\/radiostudiow.com.br\/site\/wp-content\/uploads\/2025\/02\/SITE-GRANDE7-300x68.png 300w, https:\/\/radiostudiow.com.br\/site\/wp-content\/uploads\/2025\/02\/SITE-GRANDE7-768x175.png 768w\" sizes=\"auto, (max-width: 897px) 100vw, 897px\" \/><\/figure>\n\n\n\n<p>Diante do exposto e do desejo de representa\u00e7\u00e3o da v\u00edtima, conforme previsto na Lei das Contraven\u00e7\u00f5es Penais, foi solicitado ao masculino que desligasse o equipamento e entregasse voluntariamente os aparelhos sonoros.<\/p>\n\n\n\n<p>O autor acatou a solicita\u00e7\u00e3o, sendo ent\u00e3o apreendido um aparelho de som e encaminhado ao cart\u00f3rio do 27\u00b0 BPM, para posterior lavratura do Termo Circunstanciado.<\/p>\n\n\n\n<p>Ap\u00f3s a confec\u00e7\u00e3o da documenta\u00e7\u00e3o, as partes foram orientadas e liberadas.<\/p>\n","protected":false},"excerpt":{"rendered":"<p>A equipe Pol\u00edcia Militar de Uni\u00e3o da Vit\u00f3ria foi acionada para prestar atendimento a uma situa\u00e7\u00e3o de perturba\u00e7\u00e3o do sossego no bairro Rio D&#8217;Areia por volta das 12h40min dessa quinta-feira (13). Ao se aproximar do local, j\u00e1 na esquina da rua, foi poss\u00edvel ouvir som em volume extremamente alto, aparentemente oriundo de aparelhagem sonora. No [&hellip;]<\/p>\n","protected":false},"author":2,"featured_media":33000,"comment_status":"open","ping_status":"open","sticky":false,"template":"","format":"standard","meta":{"footnotes":""},"categories":[2],"tags":[172],"class_list":["post-44754","post","type-post","status-publish","format-standard","has-post-thumbnail","hentry","category-policial","tag-featured"],"amp_enabled":true,"_links":{"self":[{"href":"https:\/\/radiostudiow.com.br\/site\/wp-json\/wp\/v2\/posts\/44754","targetHints":{"allow":["GET"]}}],"collection":[{"href":"https:\/\/radiostudiow.com.br\/site\/wp-json\/wp\/v2\/posts"}],"about":[{"href":"https:\/\/radiostudiow.com.br\/site\/wp-json\/wp\/v2\/types\/post"}],"author":[{"embeddable":true,"href":"https:\/\/radiostudiow.com.br\/site\/wp-json\/wp\/v2\/users\/2"}],"replies":[{"embeddable":true,"href":"https:\/\/radiostudiow.com.br\/site\/wp-json\/wp\/v2\/comments?post=44754"}],"version-history":[{"count":2,"href":"https:\/\/radiostudiow.com.br\/site\/wp-json\/wp\/v2\/posts\/44754\/revisions"}],"predecessor-version":[{"id":44760,"href":"https:\/\/radiostudiow.com.br\/site\/wp-json\/wp\/v2\/posts\/44754\/revisions\/44760"}],"wp:featuredmedia":[{"embeddable":true,"href":"https:\/\/radiostudiow.com.br\/site\/wp-json\/wp\/v2\/media\/33000"}],"wp:attachment":[{"href":"https:\/\/radiostudiow.com.br\/site\/wp-json\/wp\/v2\/media?parent=44754"}],"wp:term":[{"taxonomy":"category","embeddable":true,"href":"https:\/\/radiostudiow.com.br\/site\/wp-json\/wp\/v2\/categories?post=44754"},{"taxonomy":"post_tag","embeddable":true,"href":"https:\/\/radiostudiow.com.br\/site\/wp-json\/wp\/v2\/tags?post=44754"}],"curies":[{"name":"wp","href":"https:\/\/api.w.org\/{rel}","templated":true}]}}