{"id":44786,"date":"2025-11-16T11:12:22","date_gmt":"2025-11-16T14:12:22","guid":{"rendered":"https:\/\/radiostudiow.com.br\/site\/?p=44786"},"modified":"2025-11-16T11:12:23","modified_gmt":"2025-11-16T14:12:23","slug":"no-centro-de-cruz-machado-homem-e-esfaqueado-durante-a-madrugada","status":"publish","type":"post","link":"https:\/\/radiostudiow.com.br\/site\/2025\/11\/16\/no-centro-de-cruz-machado-homem-e-esfaqueado-durante-a-madrugada\/","title":{"rendered":"No centro de Cruz Machado homem \u00e9 esfaqueado durante a madrugada"},"content":{"rendered":"\n<figure class=\"wp-block-image size-full\"><img loading=\"lazy\" decoding=\"async\" width=\"598\" height=\"204\" src=\"https:\/\/radiostudiow.com.br\/site\/wp-content\/uploads\/2025\/04\/BOROX.png\" alt=\"\" class=\"wp-image-37229\" srcset=\"https:\/\/radiostudiow.com.br\/site\/wp-content\/uploads\/2025\/04\/BOROX.png 598w, https:\/\/radiostudiow.com.br\/site\/wp-content\/uploads\/2025\/04\/BOROX-300x102.png 300w\" sizes=\"auto, (max-width: 598px) 100vw, 598px\" \/><\/figure>\n\n\n\n<p>De acordo com as primeiras informa\u00e7\u00f5es, a v\u00edtima sofreu diversas perfura\u00e7\u00f5es no peito, pesco\u00e7o e rosto. <\/p>\n\n\n\n<p class=\"has-medium-font-size\"><strong>Um homem de 41 anos foi v\u00edtima de uma tentativa de homic\u00eddio na madrugada deste s\u00e1bado (15), no centro de Cruz Machado. O crime ocorreu por volta de\u00a000h30, na avenida principal da cidade.<\/strong><\/p>\n\n\n\n<p>Populares que passaram pelo local acionaram o SAMU, que realizou os primeiros atendimentos ainda na via.<\/p>\n\n\n\n<p>Ap\u00f3s ser estabilizado, o homem foi encaminhado em estado grave ao Hospital Santa Teresinha. At\u00e9 o momento, n\u00e3o h\u00e1 informa\u00e7\u00f5es sobre a identidade do autor do ataque ou sobre a motiva\u00e7\u00e3o do crime.<\/p>\n\n\n\n<p><\/p>\n\n\n\n<h2 class=\"wp-block-heading\">Fonte: Canal 4<\/h2>\n\n\n\n<figure class=\"wp-block-image size-full\"><img loading=\"lazy\" decoding=\"async\" width=\"897\" height=\"207\" src=\"https:\/\/radiostudiow.com.br\/site\/wp-content\/uploads\/2025\/07\/TIJOLAO.png\" alt=\"\" class=\"wp-image-40184\" srcset=\"https:\/\/radiostudiow.com.br\/site\/wp-content\/uploads\/2025\/07\/TIJOLAO.png 897w, https:\/\/radiostudiow.com.br\/site\/wp-content\/uploads\/2025\/07\/TIJOLAO-300x69.png 300w, https:\/\/radiostudiow.com.br\/site\/wp-content\/uploads\/2025\/07\/TIJOLAO-768x177.png 768w\" sizes=\"auto, (max-width: 897px) 100vw, 897px\" \/><\/figure>\n","protected":false},"excerpt":{"rendered":"<p>De acordo com as primeiras informa\u00e7\u00f5es, a v\u00edtima sofreu diversas perfura\u00e7\u00f5es no peito, pesco\u00e7o e rosto. Um homem de 41 anos foi v\u00edtima de uma tentativa de homic\u00eddio na madrugada deste s\u00e1bado (15), no centro de Cruz Machado. O crime ocorreu por volta de\u00a000h30, na avenida principal da cidade. Populares que passaram pelo local acionaram [&hellip;]<\/p>\n","protected":false},"author":2,"featured_media":13941,"comment_status":"open","ping_status":"open","sticky":false,"template":"","format":"standard","meta":{"footnotes":""},"categories":[2],"tags":[172],"class_list":["post-44786","post","type-post","status-publish","format-standard","has-post-thumbnail","hentry","category-policial","tag-featured"],"amp_enabled":true,"_links":{"self":[{"href":"https:\/\/radiostudiow.com.br\/site\/wp-json\/wp\/v2\/posts\/44786","targetHints":{"allow":["GET"]}}],"collection":[{"href":"https:\/\/radiostudiow.com.br\/site\/wp-json\/wp\/v2\/posts"}],"about":[{"href":"https:\/\/radiostudiow.com.br\/site\/wp-json\/wp\/v2\/types\/post"}],"author":[{"embeddable":true,"href":"https:\/\/radiostudiow.com.br\/site\/wp-json\/wp\/v2\/users\/2"}],"replies":[{"embeddable":true,"href":"https:\/\/radiostudiow.com.br\/site\/wp-json\/wp\/v2\/comments?post=44786"}],"version-history":[{"count":1,"href":"https:\/\/radiostudiow.com.br\/site\/wp-json\/wp\/v2\/posts\/44786\/revisions"}],"predecessor-version":[{"id":44787,"href":"https:\/\/radiostudiow.com.br\/site\/wp-json\/wp\/v2\/posts\/44786\/revisions\/44787"}],"wp:featuredmedia":[{"embeddable":true,"href":"https:\/\/radiostudiow.com.br\/site\/wp-json\/wp\/v2\/media\/13941"}],"wp:attachment":[{"href":"https:\/\/radiostudiow.com.br\/site\/wp-json\/wp\/v2\/media?parent=44786"}],"wp:term":[{"taxonomy":"category","embeddable":true,"href":"https:\/\/radiostudiow.com.br\/site\/wp-json\/wp\/v2\/categories?post=44786"},{"taxonomy":"post_tag","embeddable":true,"href":"https:\/\/radiostudiow.com.br\/site\/wp-json\/wp\/v2\/tags?post=44786"}],"curies":[{"name":"wp","href":"https:\/\/api.w.org\/{rel}","templated":true}]}}