{"id":44793,"date":"2025-11-16T11:34:43","date_gmt":"2025-11-16T14:34:43","guid":{"rendered":"https:\/\/radiostudiow.com.br\/site\/?p=44793"},"modified":"2025-11-16T11:34:43","modified_gmt":"2025-11-16T14:34:43","slug":"disputa-por-terreno-de-heranca-gera-ameaca-em-comunidade-rural-de-rio-azul","status":"publish","type":"post","link":"https:\/\/radiostudiow.com.br\/site\/2025\/11\/16\/disputa-por-terreno-de-heranca-gera-ameaca-em-comunidade-rural-de-rio-azul\/","title":{"rendered":"Disputa por Terreno de Heran\u00e7a Gera Amea\u00e7a em Comunidade Rural de Rio Azul"},"content":{"rendered":"\n<figure class=\"wp-block-image size-full\"><img loading=\"lazy\" decoding=\"async\" width=\"897\" height=\"204\" src=\"https:\/\/radiostudiow.com.br\/site\/wp-content\/uploads\/2025\/03\/image-62.png\" alt=\"\" class=\"wp-image-35859\" srcset=\"https:\/\/radiostudiow.com.br\/site\/wp-content\/uploads\/2025\/03\/image-62.png 897w, https:\/\/radiostudiow.com.br\/site\/wp-content\/uploads\/2025\/03\/image-62-300x68.png 300w, https:\/\/radiostudiow.com.br\/site\/wp-content\/uploads\/2025\/03\/image-62-768x175.png 768w\" sizes=\"auto, (max-width: 897px) 100vw, 897px\" \/><\/figure>\n\n\n\n<p class=\"has-medium-font-size\"><strong>A Pol\u00edcia Militar de Rio Azul foi acionada por volta das 12h46 deste s\u00e1bado (15), ap\u00f3s uma den\u00fancia de amea\u00e7a na localidade de Rio Azul dos Soares. A equipe deslocou-se at\u00e9 o endere\u00e7o informado para apurar a situa\u00e7\u00e3o.<\/strong><\/p>\n\n\n\n<p class=\"has-medium-font-size\">No local, os policiais fizeram contato com o solicitante, que relatou ter sido amea\u00e7ado pelo pr\u00f3prio sobrinho. Segundo ele, a motiva\u00e7\u00e3o do desentendimento seria um terreno de heran\u00e7a, que teria gerado conflitos familiares.<\/p>\n\n\n\n<p>Antes da chegada da equipe policial, o autor das amea\u00e7as deixou o local e tomou rumo ignorado, n\u00e3o sendo localizado durante as buscas iniciais.<\/p>\n\n\n\n<figure class=\"wp-block-image size-full\"><img loading=\"lazy\" decoding=\"async\" width=\"897\" height=\"207\" src=\"https:\/\/radiostudiow.com.br\/site\/wp-content\/uploads\/2025\/07\/TIJOLAO.png\" alt=\"\" class=\"wp-image-40184\" srcset=\"https:\/\/radiostudiow.com.br\/site\/wp-content\/uploads\/2025\/07\/TIJOLAO.png 897w, https:\/\/radiostudiow.com.br\/site\/wp-content\/uploads\/2025\/07\/TIJOLAO-300x69.png 300w, https:\/\/radiostudiow.com.br\/site\/wp-content\/uploads\/2025\/07\/TIJOLAO-768x177.png 768w\" sizes=\"auto, (max-width: 897px) 100vw, 897px\" \/><\/figure>\n\n\n\n<p class=\"has-medium-font-size\"><strong>A v\u00edtima recebeu orienta\u00e7\u00f5es sobre os procedimentos para dar continuidade ao caso junto \u00e0 Delegacia de Pol\u00edcia Civil de Rebou\u00e7as, onde poder\u00e1 formalizar a den\u00fancia e solicitar as medidas cab\u00edveis.<\/strong><\/p>\n\n\n\n<p>A Pol\u00edcia Militar refor\u00e7a a import\u00e2ncia de registrar ocorr\u00eancias dessa natureza, especialmente quando envolvem conflitos familiares que podem evoluir para situa\u00e7\u00f5es mais graves.<\/p>\n\n\n\n<h2 class=\"wp-block-heading\">Informa\u00e7\u00f5es da 8\u00aa CIA &#8211; Rep\u00f3rter Kiko de Oliveira<\/h2>\n\n\n\n<figure class=\"wp-block-image size-large\"><img loading=\"lazy\" decoding=\"async\" width=\"1024\" height=\"577\" src=\"https:\/\/radiostudiow.com.br\/site\/wp-content\/uploads\/2025\/05\/Extreme-Celulares-1024x577.png\" alt=\"\" class=\"wp-image-37819\" srcset=\"https:\/\/radiostudiow.com.br\/site\/wp-content\/uploads\/2025\/05\/Extreme-Celulares-1024x577.png 1024w, https:\/\/radiostudiow.com.br\/site\/wp-content\/uploads\/2025\/05\/Extreme-Celulares-300x169.png 300w, https:\/\/radiostudiow.com.br\/site\/wp-content\/uploads\/2025\/05\/Extreme-Celulares-768x433.png 768w, https:\/\/radiostudiow.com.br\/site\/wp-content\/uploads\/2025\/05\/Extreme-Celulares.png 1076w\" sizes=\"auto, (max-width: 1024px) 100vw, 1024px\" \/><\/figure>\n","protected":false},"excerpt":{"rendered":"<p>A Pol\u00edcia Militar de Rio Azul foi acionada por volta das 12h46 deste s\u00e1bado (15), ap\u00f3s uma den\u00fancia de amea\u00e7a na localidade de Rio Azul dos Soares. A equipe deslocou-se at\u00e9 o endere\u00e7o informado para apurar a situa\u00e7\u00e3o. No local, os policiais fizeram contato com o solicitante, que relatou ter sido amea\u00e7ado pelo pr\u00f3prio sobrinho. [&hellip;]<\/p>\n","protected":false},"author":2,"featured_media":44794,"comment_status":"open","ping_status":"open","sticky":false,"template":"","format":"standard","meta":{"footnotes":""},"categories":[185],"tags":[172],"class_list":["post-44793","post","type-post","status-publish","format-standard","has-post-thumbnail","hentry","category-regional","tag-featured"],"amp_enabled":true,"_links":{"self":[{"href":"https:\/\/radiostudiow.com.br\/site\/wp-json\/wp\/v2\/posts\/44793","targetHints":{"allow":["GET"]}}],"collection":[{"href":"https:\/\/radiostudiow.com.br\/site\/wp-json\/wp\/v2\/posts"}],"about":[{"href":"https:\/\/radiostudiow.com.br\/site\/wp-json\/wp\/v2\/types\/post"}],"author":[{"embeddable":true,"href":"https:\/\/radiostudiow.com.br\/site\/wp-json\/wp\/v2\/users\/2"}],"replies":[{"embeddable":true,"href":"https:\/\/radiostudiow.com.br\/site\/wp-json\/wp\/v2\/comments?post=44793"}],"version-history":[{"count":1,"href":"https:\/\/radiostudiow.com.br\/site\/wp-json\/wp\/v2\/posts\/44793\/revisions"}],"predecessor-version":[{"id":44795,"href":"https:\/\/radiostudiow.com.br\/site\/wp-json\/wp\/v2\/posts\/44793\/revisions\/44795"}],"wp:featuredmedia":[{"embeddable":true,"href":"https:\/\/radiostudiow.com.br\/site\/wp-json\/wp\/v2\/media\/44794"}],"wp:attachment":[{"href":"https:\/\/radiostudiow.com.br\/site\/wp-json\/wp\/v2\/media?parent=44793"}],"wp:term":[{"taxonomy":"category","embeddable":true,"href":"https:\/\/radiostudiow.com.br\/site\/wp-json\/wp\/v2\/categories?post=44793"},{"taxonomy":"post_tag","embeddable":true,"href":"https:\/\/radiostudiow.com.br\/site\/wp-json\/wp\/v2\/tags?post=44793"}],"curies":[{"name":"wp","href":"https:\/\/api.w.org\/{rel}","templated":true}]}}