{"id":44796,"date":"2025-11-16T11:41:25","date_gmt":"2025-11-16T14:41:25","guid":{"rendered":"https:\/\/radiostudiow.com.br\/site\/?p=44796"},"modified":"2025-11-16T11:41:25","modified_gmt":"2025-11-16T14:41:25","slug":"duas-pessoas-morrem-em-grave-acidente-entre-carro-e-motocicleta-na-br-476-em-paulo-frontin","status":"publish","type":"post","link":"https:\/\/radiostudiow.com.br\/site\/2025\/11\/16\/duas-pessoas-morrem-em-grave-acidente-entre-carro-e-motocicleta-na-br-476-em-paulo-frontin\/","title":{"rendered":"Duas Pessoas Morrem em Grave Acidente Entre Carro e Motocicleta na BR-476, em Paulo Frontin"},"content":{"rendered":"\n<figure class=\"wp-block-image size-full\"><img loading=\"lazy\" decoding=\"async\" width=\"897\" height=\"204\" src=\"https:\/\/radiostudiow.com.br\/site\/wp-content\/uploads\/2025\/02\/SITE-GRANDE7.png\" alt=\"\" class=\"wp-image-33861\" srcset=\"https:\/\/radiostudiow.com.br\/site\/wp-content\/uploads\/2025\/02\/SITE-GRANDE7.png 897w, https:\/\/radiostudiow.com.br\/site\/wp-content\/uploads\/2025\/02\/SITE-GRANDE7-300x68.png 300w, https:\/\/radiostudiow.com.br\/site\/wp-content\/uploads\/2025\/02\/SITE-GRANDE7-768x175.png 768w\" sizes=\"auto, (max-width: 897px) 100vw, 897px\" \/><\/figure>\n\n\n\n<p class=\"has-medium-font-size\"><strong>Um grave acidente registrado na noite deste s\u00e1bado (15) deixou duas pessoas mortas na BR-476, nas proximidades do trevo de acesso ao munic\u00edpio de Paulo Frontin. A colis\u00e3o envolveu um carro e uma motocicleta e resultou em v\u00edtimas fatais ainda no local.<\/strong><\/p>\n\n\n\n<p style=\"font-size:23px\">De acordo com as primeiras informa\u00e7\u00f5es, o impacto da batida foi violento, fazendo com que tanto o motociclista quanto o motorista do autom\u00f3vel morressem antes da chegada das equipes de socorro. Uma terceira pessoa, que tamb\u00e9m estava envolvida no acidente, recebeu atendimento do SAMU e foi encaminhada ao hospital. O estado de sa\u00fade dela n\u00e3o foi informado.<\/p>\n\n\n\n<figure class=\"wp-block-image size-full\"><img loading=\"lazy\" decoding=\"async\" width=\"598\" height=\"204\" src=\"https:\/\/radiostudiow.com.br\/site\/wp-content\/uploads\/2024\/10\/labirati.png\" alt=\"\" class=\"wp-image-28854\" srcset=\"https:\/\/radiostudiow.com.br\/site\/wp-content\/uploads\/2024\/10\/labirati.png 598w, https:\/\/radiostudiow.com.br\/site\/wp-content\/uploads\/2024\/10\/labirati-300x102.png 300w\" sizes=\"auto, (max-width: 598px) 100vw, 598px\" \/><\/figure>\n\n\n\n<p>Testemunhas relataram que o ve\u00edculo retornava da zona rural ap\u00f3s um dia de trabalho, quando acabou colidindo com a motocicleta que transitava pela rodovia. As circunst\u00e2ncias exatas da colis\u00e3o ainda ser\u00e3o investigadas.<\/p>\n\n\n\n<p>A Pol\u00edcia Rodovi\u00e1ria Federal esteve no local realizando os procedimentos de praxe e orientando o tr\u00e2nsito. O Instituto M\u00e9dico Legal (IML) de Uni\u00e3o da Vit\u00f3ria foi acionado para a remo\u00e7\u00e3o dos corpos.<\/p>\n\n\n\n<p><strong>As identidades das v\u00edtimas ainda n\u00e3o foram divulgadas pelas autoridades. A investiga\u00e7\u00e3o seguir\u00e1 para esclarecer as causas do acidente e as din\u00e2micas que levaram \u00e0 trag\u00e9dia.<\/strong><\/p>\n\n\n\n<h2 class=\"wp-block-heading\">Fonte: Canal 4<\/h2>\n\n\n\n<p><\/p>\n","protected":false},"excerpt":{"rendered":"<p>Um grave acidente registrado na noite deste s\u00e1bado (15) deixou duas pessoas mortas na BR-476, nas proximidades do trevo de acesso ao munic\u00edpio de Paulo Frontin. A colis\u00e3o envolveu um carro e uma motocicleta e resultou em v\u00edtimas fatais ainda no local. De acordo com as primeiras informa\u00e7\u00f5es, o impacto da batida foi violento, fazendo [&hellip;]<\/p>\n","protected":false},"author":2,"featured_media":44797,"comment_status":"open","ping_status":"open","sticky":false,"template":"","format":"standard","meta":{"footnotes":""},"categories":[185],"tags":[172],"class_list":["post-44796","post","type-post","status-publish","format-standard","has-post-thumbnail","hentry","category-regional","tag-featured"],"amp_enabled":true,"_links":{"self":[{"href":"https:\/\/radiostudiow.com.br\/site\/wp-json\/wp\/v2\/posts\/44796","targetHints":{"allow":["GET"]}}],"collection":[{"href":"https:\/\/radiostudiow.com.br\/site\/wp-json\/wp\/v2\/posts"}],"about":[{"href":"https:\/\/radiostudiow.com.br\/site\/wp-json\/wp\/v2\/types\/post"}],"author":[{"embeddable":true,"href":"https:\/\/radiostudiow.com.br\/site\/wp-json\/wp\/v2\/users\/2"}],"replies":[{"embeddable":true,"href":"https:\/\/radiostudiow.com.br\/site\/wp-json\/wp\/v2\/comments?post=44796"}],"version-history":[{"count":1,"href":"https:\/\/radiostudiow.com.br\/site\/wp-json\/wp\/v2\/posts\/44796\/revisions"}],"predecessor-version":[{"id":44798,"href":"https:\/\/radiostudiow.com.br\/site\/wp-json\/wp\/v2\/posts\/44796\/revisions\/44798"}],"wp:featuredmedia":[{"embeddable":true,"href":"https:\/\/radiostudiow.com.br\/site\/wp-json\/wp\/v2\/media\/44797"}],"wp:attachment":[{"href":"https:\/\/radiostudiow.com.br\/site\/wp-json\/wp\/v2\/media?parent=44796"}],"wp:term":[{"taxonomy":"category","embeddable":true,"href":"https:\/\/radiostudiow.com.br\/site\/wp-json\/wp\/v2\/categories?post=44796"},{"taxonomy":"post_tag","embeddable":true,"href":"https:\/\/radiostudiow.com.br\/site\/wp-json\/wp\/v2\/tags?post=44796"}],"curies":[{"name":"wp","href":"https:\/\/api.w.org\/{rel}","templated":true}]}}