{"id":44799,"date":"2025-11-16T14:47:09","date_gmt":"2025-11-16T17:47:09","guid":{"rendered":"https:\/\/radiostudiow.com.br\/site\/?p=44799"},"modified":"2025-11-16T14:47:09","modified_gmt":"2025-11-16T17:47:09","slug":"identificadas-as-duas-vitimas-do-grave-acidente-entre-carro-e-motocicleta-na-br-476-em-paulo-frontin","status":"publish","type":"post","link":"https:\/\/radiostudiow.com.br\/site\/2025\/11\/16\/identificadas-as-duas-vitimas-do-grave-acidente-entre-carro-e-motocicleta-na-br-476-em-paulo-frontin\/","title":{"rendered":"Identificadas as Duas V\u00edtimas do Grave Acidente Entre Carro e Motocicleta na BR-476, em Paulo Frontin"},"content":{"rendered":"\n<figure class=\"wp-block-image size-full\"><img loading=\"lazy\" decoding=\"async\" width=\"897\" height=\"204\" src=\"https:\/\/radiostudiow.com.br\/site\/wp-content\/uploads\/2025\/05\/NUTRI-MALLET.png\" alt=\"\" class=\"wp-image-37813\" srcset=\"https:\/\/radiostudiow.com.br\/site\/wp-content\/uploads\/2025\/05\/NUTRI-MALLET.png 897w, https:\/\/radiostudiow.com.br\/site\/wp-content\/uploads\/2025\/05\/NUTRI-MALLET-300x68.png 300w, https:\/\/radiostudiow.com.br\/site\/wp-content\/uploads\/2025\/05\/NUTRI-MALLET-768x175.png 768w\" sizes=\"auto, (max-width: 897px) 100vw, 897px\" \/><\/figure>\n\n\n\n<p>Foram identificados os dois homens que morreram no grave acidente registrado na noite deste s\u00e1bado (15) na BR-476, trecho conhecido como Rodovia do Xisto, nas proximidades do trevo de acesso a Paulo Frontin. A colis\u00e3o frontal entre um carro e uma motocicleta resultou em duas mortes ainda no local e deixou uma terceira pessoa ferida.<\/p>\n\n\n\n<p>Segundo as primeiras informa\u00e7\u00f5es, o impacto da batida foi extremamente violento, fazendo com que tanto o motociclista quanto o motorista do autom\u00f3vel n\u00e3o resistissem aos ferimentos antes mesmo da chegada das equipes de socorro. Uma terceira pessoa envolvida foi atendida pelo SAMU e encaminhada ao hospital. O estado de sa\u00fade dela n\u00e3o foi divulgado.<\/p>\n\n\n\n<p>Testemunhas relataram que o carro retornava da zona rural, onde os ocupantes haviam passado o dia trabalhando, quando ocorreu a colis\u00e3o com a motocicleta que seguia pela rodovia. As circunst\u00e2ncias exatas da din\u00e2mica do acidente ainda ser\u00e3o apuradas pelas autoridades.<\/p>\n\n\n\n<figure class=\"wp-block-gallery has-nested-images columns-default is-cropped wp-block-gallery-1 is-layout-flex wp-block-gallery-is-layout-flex\">\n<figure class=\"wp-block-image size-large\"><img loading=\"lazy\" decoding=\"async\" width=\"1024\" height=\"614\" data-id=\"38784\" src=\"https:\/\/radiostudiow.com.br\/site\/wp-content\/uploads\/2025\/05\/5914fcac-c2b4-4795-a120-dc162c4a6466-1024x614.jpg\" alt=\"\" class=\"wp-image-38784\" srcset=\"https:\/\/radiostudiow.com.br\/site\/wp-content\/uploads\/2025\/05\/5914fcac-c2b4-4795-a120-dc162c4a6466-1024x614.jpg 1024w, https:\/\/radiostudiow.com.br\/site\/wp-content\/uploads\/2025\/05\/5914fcac-c2b4-4795-a120-dc162c4a6466-300x180.jpg 300w, https:\/\/radiostudiow.com.br\/site\/wp-content\/uploads\/2025\/05\/5914fcac-c2b4-4795-a120-dc162c4a6466-768x460.jpg 768w, https:\/\/radiostudiow.com.br\/site\/wp-content\/uploads\/2025\/05\/5914fcac-c2b4-4795-a120-dc162c4a6466-1536x921.jpg 1536w, https:\/\/radiostudiow.com.br\/site\/wp-content\/uploads\/2025\/05\/5914fcac-c2b4-4795-a120-dc162c4a6466-1000x600.jpg 1000w, https:\/\/radiostudiow.com.br\/site\/wp-content\/uploads\/2025\/05\/5914fcac-c2b4-4795-a120-dc162c4a6466-590x354.jpg 590w, https:\/\/radiostudiow.com.br\/site\/wp-content\/uploads\/2025\/05\/5914fcac-c2b4-4795-a120-dc162c4a6466-400x240.jpg 400w, https:\/\/radiostudiow.com.br\/site\/wp-content\/uploads\/2025\/05\/5914fcac-c2b4-4795-a120-dc162c4a6466.jpg 1600w\" sizes=\"auto, (max-width: 1024px) 100vw, 1024px\" \/><\/figure>\n\n\n\n<figure class=\"wp-block-image size-large\"><img decoding=\"async\" data-id=\"44123\" src=\"https:\/\/radiostudiow.com.br\/site\/wp-content\/uploads\/2025\/10\/SUPREMA-BARBA.png\" alt=\"\" class=\"wp-image-44123\"\/><\/figure>\n<\/figure>\n\n\n\n<p><\/p>\n\n\n\n<p><\/p>\n\n\n\n<h3 class=\"wp-block-heading\" style=\"font-size:48px\"><strong>V\u00edtimas identificadas<\/strong><\/h3>\n\n\n\n<figure class=\"wp-block-image size-full\"><img loading=\"lazy\" decoding=\"async\" width=\"511\" height=\"531\" src=\"https:\/\/radiostudiow.com.br\/site\/wp-content\/uploads\/2025\/11\/11Captura-de-tela-2025-11-16-143226-1.jpg\" alt=\"\" class=\"wp-image-44801\" srcset=\"https:\/\/radiostudiow.com.br\/site\/wp-content\/uploads\/2025\/11\/11Captura-de-tela-2025-11-16-143226-1.jpg 511w, https:\/\/radiostudiow.com.br\/site\/wp-content\/uploads\/2025\/11\/11Captura-de-tela-2025-11-16-143226-1-289x300.jpg 289w\" sizes=\"auto, (max-width: 511px) 100vw, 511px\" \/><\/figure>\n\n\n\n<p style=\"font-size:24px\">A motocicleta era conduzida por <strong>Lucas Leidens de Castro<\/strong>, de <strong>26 anos<\/strong>, morador de <em>S\u00e3o Mateus do Sul<\/em>. O corpo ser\u00e1 velado na Capela Municipal de S\u00e3o Mateus do Sul, com in\u00edcio previsto para a noite deste domingo (16), ap\u00f3s libera\u00e7\u00e3o do Instituto M\u00e9dico Legal (IML).<\/p>\n\n\n\n<p><\/p>\n\n\n\n<figure class=\"wp-block-image size-full\"><img loading=\"lazy\" decoding=\"async\" width=\"497\" height=\"531\" src=\"https:\/\/radiostudiow.com.br\/site\/wp-content\/uploads\/2025\/11\/222Captura-de-tela-2025-11-16-143448.png\" alt=\"\" class=\"wp-image-44802\" srcset=\"https:\/\/radiostudiow.com.br\/site\/wp-content\/uploads\/2025\/11\/222Captura-de-tela-2025-11-16-143448.png 497w, https:\/\/radiostudiow.com.br\/site\/wp-content\/uploads\/2025\/11\/222Captura-de-tela-2025-11-16-143448-281x300.png 281w\" sizes=\"auto, (max-width: 497px) 100vw, 497px\" \/><\/figure>\n\n\n\n<p style=\"font-size:24px\">O motorista do carro foi identificado como <strong>Vilson Herman<\/strong>, de <strong>40 anos<\/strong>, morador de <em>Paula Freitas<\/em>. Ele deixa esposa e duas filhas. O vel\u00f3rio acontecer\u00e1 no pavilh\u00e3o da Igreja Ronda, na localidade de Jararaca, tamb\u00e9m na noite deste domingo (16), ap\u00f3s libera\u00e7\u00e3o pelo IML de Uni\u00e3o da Vit\u00f3ria.<\/p>\n\n\n\n<figure class=\"wp-block-image size-full\"><img loading=\"lazy\" decoding=\"async\" width=\"598\" height=\"204\" src=\"https:\/\/radiostudiow.com.br\/site\/wp-content\/uploads\/2024\/10\/labirati.png\" alt=\"\" class=\"wp-image-28854\" srcset=\"https:\/\/radiostudiow.com.br\/site\/wp-content\/uploads\/2024\/10\/labirati.png 598w, https:\/\/radiostudiow.com.br\/site\/wp-content\/uploads\/2024\/10\/labirati-300x102.png 300w\" sizes=\"auto, (max-width: 598px) 100vw, 598px\" \/><\/figure>\n\n\n\n<p class=\"has-medium-font-size\">A Pol\u00edcia Rodovi\u00e1ria Federal realizou o atendimento do acidente e orientou o tr\u00e2nsito no local. A investiga\u00e7\u00e3o seguir\u00e1 para esclarecer a causa da colis\u00e3o e detalhes sobre a din\u00e2mica da trag\u00e9dia que abalou as duas comunidades.<\/p>\n\n\n\n<h2 class=\"wp-block-heading\">Informa\u00e7\u00f5es: P97<\/h2>\n\n\n\n<p><\/p>\n","protected":false},"excerpt":{"rendered":"<p>Foram identificados os dois homens que morreram no grave acidente registrado na noite deste s\u00e1bado (15) na BR-476, trecho conhecido como Rodovia do Xisto, nas proximidades do trevo de acesso a Paulo Frontin. A colis\u00e3o frontal entre um carro e uma motocicleta resultou em duas mortes ainda no local e deixou uma terceira pessoa ferida. [&hellip;]<\/p>\n","protected":false},"author":2,"featured_media":44803,"comment_status":"open","ping_status":"open","sticky":false,"template":"","format":"standard","meta":{"footnotes":""},"categories":[185],"tags":[172],"class_list":["post-44799","post","type-post","status-publish","format-standard","has-post-thumbnail","hentry","category-regional","tag-featured"],"amp_enabled":true,"_links":{"self":[{"href":"https:\/\/radiostudiow.com.br\/site\/wp-json\/wp\/v2\/posts\/44799","targetHints":{"allow":["GET"]}}],"collection":[{"href":"https:\/\/radiostudiow.com.br\/site\/wp-json\/wp\/v2\/posts"}],"about":[{"href":"https:\/\/radiostudiow.com.br\/site\/wp-json\/wp\/v2\/types\/post"}],"author":[{"embeddable":true,"href":"https:\/\/radiostudiow.com.br\/site\/wp-json\/wp\/v2\/users\/2"}],"replies":[{"embeddable":true,"href":"https:\/\/radiostudiow.com.br\/site\/wp-json\/wp\/v2\/comments?post=44799"}],"version-history":[{"count":1,"href":"https:\/\/radiostudiow.com.br\/site\/wp-json\/wp\/v2\/posts\/44799\/revisions"}],"predecessor-version":[{"id":44804,"href":"https:\/\/radiostudiow.com.br\/site\/wp-json\/wp\/v2\/posts\/44799\/revisions\/44804"}],"wp:featuredmedia":[{"embeddable":true,"href":"https:\/\/radiostudiow.com.br\/site\/wp-json\/wp\/v2\/media\/44803"}],"wp:attachment":[{"href":"https:\/\/radiostudiow.com.br\/site\/wp-json\/wp\/v2\/media?parent=44799"}],"wp:term":[{"taxonomy":"category","embeddable":true,"href":"https:\/\/radiostudiow.com.br\/site\/wp-json\/wp\/v2\/categories?post=44799"},{"taxonomy":"post_tag","embeddable":true,"href":"https:\/\/radiostudiow.com.br\/site\/wp-json\/wp\/v2\/tags?post=44799"}],"curies":[{"name":"wp","href":"https:\/\/api.w.org\/{rel}","templated":true}]}}