{"id":44814,"date":"2025-11-17T16:42:07","date_gmt":"2025-11-17T19:42:07","guid":{"rendered":"https:\/\/radiostudiow.com.br\/site\/?p=44814"},"modified":"2025-11-17T17:01:27","modified_gmt":"2025-11-17T20:01:27","slug":"motorista-morre-apos-batida-entre-carreta-e-caminhonete-na-br-476","status":"publish","type":"post","link":"https:\/\/radiostudiow.com.br\/site\/2025\/11\/17\/motorista-morre-apos-batida-entre-carreta-e-caminhonete-na-br-476\/","title":{"rendered":"Motorista morre ap\u00f3s batida entre carreta e caminhonete na BR-476"},"content":{"rendered":"\n<figure class=\"wp-block-image size-full\"><img loading=\"lazy\" decoding=\"async\" width=\"897\" height=\"204\" src=\"https:\/\/radiostudiow.com.br\/site\/wp-content\/uploads\/2025\/01\/SITE-GRANDE3.png\" alt=\"\" class=\"wp-image-32900\" srcset=\"https:\/\/radiostudiow.com.br\/site\/wp-content\/uploads\/2025\/01\/SITE-GRANDE3.png 897w, https:\/\/radiostudiow.com.br\/site\/wp-content\/uploads\/2025\/01\/SITE-GRANDE3-300x68.png 300w, https:\/\/radiostudiow.com.br\/site\/wp-content\/uploads\/2025\/01\/SITE-GRANDE3-768x175.png 768w\" sizes=\"auto, (max-width: 897px) 100vw, 897px\" \/><\/figure>\n\n\n\n<p>Um grave acidente registrado na BR-476, na regi\u00e3o da Lapa, resultou na morte. A colis\u00e3o envolveu o caminhonete e uma carreta Scania tarde desta segunda-feira (17).<\/p>\n\n\n\n<p>A ocorr\u00eancia envolveu uma carreta e uma caminhonete Amarok com placas de Curitiba, ambas com placas do padr\u00e3o Mercosul.<\/p>\n\n\n\n<p>As equipes de emerg\u00eancia que atenderam imediatamente, mas o motorista da Amarok n\u00e3o resistiu aos ferimentos e teve o \u00f3bito confirmado ainda no local em raz\u00e3o da viol\u00eancia da colis\u00e3o.<\/p>\n\n\n\n<p>A equipe da Pol\u00edcia Rodovi\u00e1ria Federal foi acionada para atender a ocorr\u00eancia e investiga as circunst\u00e2ncias do acidente.<\/p>\n\n\n\n<p>O Instituto de Criminal\u00edstica e o IML de Curitiba tamb\u00e9m foram mobilizados para os procedimentos cab\u00edveis.<\/p>\n\n\n\n<figure class=\"wp-block-gallery has-nested-images columns-default is-cropped wp-block-gallery-1 is-layout-flex wp-block-gallery-is-layout-flex\">\n<figure class=\"wp-block-image size-large\"><img loading=\"lazy\" decoding=\"async\" width=\"300\" height=\"180\" data-id=\"38684\" src=\"https:\/\/radiostudiow.com.br\/site\/wp-content\/uploads\/2025\/05\/SITE-PEQUENO.jpg\" alt=\"\" class=\"wp-image-38684\"\/><\/figure>\n\n\n\n<figure class=\"wp-block-image size-large\"><img loading=\"lazy\" decoding=\"async\" width=\"300\" height=\"180\" data-id=\"39582\" src=\"https:\/\/radiostudiow.com.br\/site\/wp-content\/uploads\/2025\/06\/PLAY-HALL.png\" alt=\"\" class=\"wp-image-39582\"\/><\/figure>\n<\/figure>\n","protected":false},"excerpt":{"rendered":"<p>Um grave acidente registrado na BR-476, na regi\u00e3o da Lapa, resultou na morte. A colis\u00e3o envolveu o caminhonete e uma carreta Scania tarde desta segunda-feira (17). A ocorr\u00eancia envolveu uma carreta e uma caminhonete Amarok com placas de Curitiba, ambas com placas do padr\u00e3o Mercosul. As equipes de emerg\u00eancia que atenderam imediatamente, mas o motorista [&hellip;]<\/p>\n","protected":false},"author":2,"featured_media":44815,"comment_status":"open","ping_status":"open","sticky":false,"template":"","format":"standard","meta":{"footnotes":""},"categories":[185],"tags":[172],"class_list":["post-44814","post","type-post","status-publish","format-standard","has-post-thumbnail","hentry","category-regional","tag-featured"],"amp_enabled":true,"_links":{"self":[{"href":"https:\/\/radiostudiow.com.br\/site\/wp-json\/wp\/v2\/posts\/44814","targetHints":{"allow":["GET"]}}],"collection":[{"href":"https:\/\/radiostudiow.com.br\/site\/wp-json\/wp\/v2\/posts"}],"about":[{"href":"https:\/\/radiostudiow.com.br\/site\/wp-json\/wp\/v2\/types\/post"}],"author":[{"embeddable":true,"href":"https:\/\/radiostudiow.com.br\/site\/wp-json\/wp\/v2\/users\/2"}],"replies":[{"embeddable":true,"href":"https:\/\/radiostudiow.com.br\/site\/wp-json\/wp\/v2\/comments?post=44814"}],"version-history":[{"count":2,"href":"https:\/\/radiostudiow.com.br\/site\/wp-json\/wp\/v2\/posts\/44814\/revisions"}],"predecessor-version":[{"id":44818,"href":"https:\/\/radiostudiow.com.br\/site\/wp-json\/wp\/v2\/posts\/44814\/revisions\/44818"}],"wp:featuredmedia":[{"embeddable":true,"href":"https:\/\/radiostudiow.com.br\/site\/wp-json\/wp\/v2\/media\/44815"}],"wp:attachment":[{"href":"https:\/\/radiostudiow.com.br\/site\/wp-json\/wp\/v2\/media?parent=44814"}],"wp:term":[{"taxonomy":"category","embeddable":true,"href":"https:\/\/radiostudiow.com.br\/site\/wp-json\/wp\/v2\/categories?post=44814"},{"taxonomy":"post_tag","embeddable":true,"href":"https:\/\/radiostudiow.com.br\/site\/wp-json\/wp\/v2\/tags?post=44814"}],"curies":[{"name":"wp","href":"https:\/\/api.w.org\/{rel}","templated":true}]}}