{"id":44833,"date":"2025-11-18T09:21:49","date_gmt":"2025-11-18T12:21:49","guid":{"rendered":"https:\/\/radiostudiow.com.br\/site\/?p=44833"},"modified":"2025-11-18T09:21:49","modified_gmt":"2025-11-18T12:21:49","slug":"roubo-no-centro-de-paulo-frontin-termina-em-perseguicao-capotamento-e-prisao-de-dois-suspeitos","status":"publish","type":"post","link":"https:\/\/radiostudiow.com.br\/site\/2025\/11\/18\/roubo-no-centro-de-paulo-frontin-termina-em-perseguicao-capotamento-e-prisao-de-dois-suspeitos\/","title":{"rendered":"Roubo no Centro de Paulo Frontin termina em persegui\u00e7\u00e3o, capotamento e pris\u00e3o de dois suspeitos"},"content":{"rendered":"\n<p><\/p>\n\n\n\n<figure class=\"wp-block-image size-full\"><img loading=\"lazy\" decoding=\"async\" width=\"897\" height=\"204\" src=\"https:\/\/radiostudiow.com.br\/site\/wp-content\/uploads\/2025\/03\/image-62.png\" alt=\"\" class=\"wp-image-35859\" srcset=\"https:\/\/radiostudiow.com.br\/site\/wp-content\/uploads\/2025\/03\/image-62.png 897w, https:\/\/radiostudiow.com.br\/site\/wp-content\/uploads\/2025\/03\/image-62-300x68.png 300w, https:\/\/radiostudiow.com.br\/site\/wp-content\/uploads\/2025\/03\/image-62-768x175.png 768w\" sizes=\"auto, (max-width: 897px) 100vw, 897px\" \/><\/figure>\n\n\n\n<p>Na tarde desta segunda-feira (17), um roubo mobilizou a Pol\u00edcia Militar em Paulo Frontin e resultou em uma persegui\u00e7\u00e3o que terminou com dois homens presos na BR-476, em Uni\u00e3o da Vit\u00f3ria.<\/p>\n\n\n\n<p>De acordo com o boletim policial, por volta das <strong>17h30<\/strong>, no Centro de Paulo Frontin, um dos indiv\u00edduos entrou em um estabelecimento e roubou <strong>R$ 850,00<\/strong> pertencentes a duas mulheres. Ap\u00f3s o crime, os suspeitos fugiram em um autom\u00f3vel.<\/p>\n\n\n\n<p>A PM iniciou buscas e, j\u00e1 por volta das <strong>20h30<\/strong>, uma equipe da RPA de Uni\u00e3o da Vit\u00f3ria localizou o ve\u00edculo suspeito na BR-476. Ao receber ordem de parada, o motorista desobedeceu e fugiu em alta velocidade, dando in\u00edcio a um <strong>acompanhamento t\u00e1tico<\/strong>.<\/p>\n\n\n\n<figure class=\"wp-block-image size-full\"><img loading=\"lazy\" decoding=\"async\" width=\"598\" height=\"204\" src=\"https:\/\/radiostudiow.com.br\/site\/wp-content\/uploads\/2024\/10\/labirati.png\" alt=\"\" class=\"wp-image-28854\" srcset=\"https:\/\/radiostudiow.com.br\/site\/wp-content\/uploads\/2024\/10\/labirati.png 598w, https:\/\/radiostudiow.com.br\/site\/wp-content\/uploads\/2024\/10\/labirati-300x102.png 300w\" sizes=\"auto, (max-width: 598px) 100vw, 598px\" \/><\/figure>\n\n\n\n<p>Durante a persegui\u00e7\u00e3o, os ocupantes do carro come\u00e7aram a lan\u00e7ar objetos para fora do ve\u00edculo, entre eles <strong>R$ 10,00<\/strong>, um <strong>c\u00e1lice religioso<\/strong> e a <strong>m\u00e1scara branca<\/strong> usada no momento do roubo. A fuga terminou quando o condutor perdeu o controle da dire\u00e7\u00e3o e o ve\u00edculo <strong>capotou<\/strong>, causando ferimentos nos dois suspeitos.<\/p>\n\n\n\n<p>Os homens foram atendidos pela equipe m\u00e9dica, encaminhados \u00e0 UPA e, ap\u00f3s libera\u00e7\u00e3o, conduzidos \u00e0 Delegacia. Parte dos objetos e valores roubados foram recuperados.<\/p>\n\n\n\n<p>A Pol\u00edcia Militar destacou que a pris\u00e3o dos envolvidos s\u00f3 foi poss\u00edvel gra\u00e7as ao apoio da comunidade frontinense, que auxiliou com <strong>imagens de c\u00e2meras de seguran\u00e7a e diversas informa\u00e7\u00f5es repassadas \u00e0s equipes<\/strong>.<\/p>\n\n\n\n<p><strong>Pol\u00edcia Militar do Paran\u00e1 \u2014<\/strong> <strong>N\u00f3s fazemos a diferen\u00e7a.<\/strong><\/p>\n\n\n\n<figure class=\"wp-block-image size-full\"><img loading=\"lazy\" decoding=\"async\" width=\"598\" height=\"204\" src=\"https:\/\/radiostudiow.com.br\/site\/wp-content\/uploads\/2025\/05\/POLAK.png\" alt=\"\" class=\"wp-image-37847\" srcset=\"https:\/\/radiostudiow.com.br\/site\/wp-content\/uploads\/2025\/05\/POLAK.png 598w, https:\/\/radiostudiow.com.br\/site\/wp-content\/uploads\/2025\/05\/POLAK-300x102.png 300w\" sizes=\"auto, (max-width: 598px) 100vw, 598px\" \/><\/figure>\n","protected":false},"excerpt":{"rendered":"<p>Na tarde desta segunda-feira (17), um roubo mobilizou a Pol\u00edcia Militar em Paulo Frontin e resultou em uma persegui\u00e7\u00e3o que terminou com dois homens presos na BR-476, em Uni\u00e3o da Vit\u00f3ria. De acordo com o boletim policial, por volta das 17h30, no Centro de Paulo Frontin, um dos indiv\u00edduos entrou em um estabelecimento e roubou [&hellip;]<\/p>\n","protected":false},"author":2,"featured_media":44834,"comment_status":"open","ping_status":"open","sticky":false,"template":"","format":"standard","meta":{"footnotes":""},"categories":[2],"tags":[172],"class_list":["post-44833","post","type-post","status-publish","format-standard","has-post-thumbnail","hentry","category-policial","tag-featured"],"amp_enabled":true,"_links":{"self":[{"href":"https:\/\/radiostudiow.com.br\/site\/wp-json\/wp\/v2\/posts\/44833","targetHints":{"allow":["GET"]}}],"collection":[{"href":"https:\/\/radiostudiow.com.br\/site\/wp-json\/wp\/v2\/posts"}],"about":[{"href":"https:\/\/radiostudiow.com.br\/site\/wp-json\/wp\/v2\/types\/post"}],"author":[{"embeddable":true,"href":"https:\/\/radiostudiow.com.br\/site\/wp-json\/wp\/v2\/users\/2"}],"replies":[{"embeddable":true,"href":"https:\/\/radiostudiow.com.br\/site\/wp-json\/wp\/v2\/comments?post=44833"}],"version-history":[{"count":1,"href":"https:\/\/radiostudiow.com.br\/site\/wp-json\/wp\/v2\/posts\/44833\/revisions"}],"predecessor-version":[{"id":44835,"href":"https:\/\/radiostudiow.com.br\/site\/wp-json\/wp\/v2\/posts\/44833\/revisions\/44835"}],"wp:featuredmedia":[{"embeddable":true,"href":"https:\/\/radiostudiow.com.br\/site\/wp-json\/wp\/v2\/media\/44834"}],"wp:attachment":[{"href":"https:\/\/radiostudiow.com.br\/site\/wp-json\/wp\/v2\/media?parent=44833"}],"wp:term":[{"taxonomy":"category","embeddable":true,"href":"https:\/\/radiostudiow.com.br\/site\/wp-json\/wp\/v2\/categories?post=44833"},{"taxonomy":"post_tag","embeddable":true,"href":"https:\/\/radiostudiow.com.br\/site\/wp-json\/wp\/v2\/tags?post=44833"}],"curies":[{"name":"wp","href":"https:\/\/api.w.org\/{rel}","templated":true}]}}