{"id":44836,"date":"2025-11-18T14:42:06","date_gmt":"2025-11-18T17:42:06","guid":{"rendered":"https:\/\/radiostudiow.com.br\/site\/?p=44836"},"modified":"2025-11-18T14:42:07","modified_gmt":"2025-11-18T17:42:07","slug":"idoso-e-encontrado-morto-dentro-de-casa-na-localidade-de-invernada-em-rio-azul","status":"publish","type":"post","link":"https:\/\/radiostudiow.com.br\/site\/2025\/11\/18\/idoso-e-encontrado-morto-dentro-de-casa-na-localidade-de-invernada-em-rio-azul\/","title":{"rendered":"Idoso \u00e9 encontrado morto dentro de casa na localidade de Invernada, em Rio Azul"},"content":{"rendered":"\n<figure class=\"wp-block-image size-full\"><img loading=\"lazy\" decoding=\"async\" width=\"897\" height=\"204\" src=\"https:\/\/radiostudiow.com.br\/site\/wp-content\/uploads\/2025\/02\/SITE-GRANDE7.png\" alt=\"\" class=\"wp-image-33861\" srcset=\"https:\/\/radiostudiow.com.br\/site\/wp-content\/uploads\/2025\/02\/SITE-GRANDE7.png 897w, https:\/\/radiostudiow.com.br\/site\/wp-content\/uploads\/2025\/02\/SITE-GRANDE7-300x68.png 300w, https:\/\/radiostudiow.com.br\/site\/wp-content\/uploads\/2025\/02\/SITE-GRANDE7-768x175.png 768w\" sizes=\"auto, (max-width: 897px) 100vw, 897px\" \/><\/figure>\n\n\n\n<p>A manh\u00e3 desta segunda-feira (17) foi marcada por uma ocorr\u00eancia de atendimento em local de morte na \u00e1rea rural de Rio Azul. Por volta das <strong>11h<\/strong>, a equipe Bravo do SAMU acionou a Pol\u00edcia Militar ap\u00f3s encontrar um idoso sem vida dentro de uma resid\u00eancia na localidade de Invernada.<\/p>\n\n\n\n<p class=\"has-medium-font-size\">Ao chegarem ao local, os policiais constataram que o homem, de <strong>71 anos<\/strong>, estava deitado em uma cama j\u00e1 em \u00f3bito. Segundo informa\u00e7\u00f5es repassadas pelo filho da v\u00edtima, o idoso possu\u00eda problemas de sa\u00fade e fazia uso excessivo de \u00e1lcool. Na manh\u00e3 de hoje, ao perceber que o pai estava demorando mais que o habitual para se levantar, o filho decidiu verificar o que havia acontecido e encontrou o homem sem sinais vitais.<\/p>\n\n\n\n<p style=\"font-size:25px\">O SAMU foi acionado imediatamente para confirmar o falecimento. Conforme a PM, <strong>n\u00e3o havia sinais de viol\u00eancia<\/strong> no corpo.<\/p>\n\n\n\n<figure class=\"wp-block-image size-full\"><img loading=\"lazy\" decoding=\"async\" width=\"731\" height=\"204\" src=\"https:\/\/radiostudiow.com.br\/site\/wp-content\/uploads\/2025\/10\/ZAIONS.png\" alt=\"\" class=\"wp-image-44147\" srcset=\"https:\/\/radiostudiow.com.br\/site\/wp-content\/uploads\/2025\/10\/ZAIONS.png 731w, https:\/\/radiostudiow.com.br\/site\/wp-content\/uploads\/2025\/10\/ZAIONS-300x84.png 300w\" sizes=\"auto, (max-width: 731px) 100vw, 731px\" \/><\/figure>\n\n\n\n<p>Ap\u00f3s a constata\u00e7\u00e3o da morte, o corpo foi encaminhado ao hospital de Rio Azul para os procedimentos necess\u00e1rios. A ocorr\u00eancia foi registrada e repassada \u00e0s autoridades competentes.<\/p>\n\n\n\n<h2 class=\"wp-block-heading\">Fonte: 8\u00aa CIA da PMPR &#8211; Rep\u00f3rter Kiko de Oliveira<\/h2>\n\n\n\n<p><\/p>\n","protected":false},"excerpt":{"rendered":"<p>A manh\u00e3 desta segunda-feira (17) foi marcada por uma ocorr\u00eancia de atendimento em local de morte na \u00e1rea rural de Rio Azul. Por volta das 11h, a equipe Bravo do SAMU acionou a Pol\u00edcia Militar ap\u00f3s encontrar um idoso sem vida dentro de uma resid\u00eancia na localidade de Invernada. Ao chegarem ao local, os policiais [&hellip;]<\/p>\n","protected":false},"author":2,"featured_media":44837,"comment_status":"open","ping_status":"open","sticky":false,"template":"","format":"standard","meta":{"footnotes":""},"categories":[185],"tags":[172],"class_list":["post-44836","post","type-post","status-publish","format-standard","has-post-thumbnail","hentry","category-regional","tag-featured"],"amp_enabled":true,"_links":{"self":[{"href":"https:\/\/radiostudiow.com.br\/site\/wp-json\/wp\/v2\/posts\/44836","targetHints":{"allow":["GET"]}}],"collection":[{"href":"https:\/\/radiostudiow.com.br\/site\/wp-json\/wp\/v2\/posts"}],"about":[{"href":"https:\/\/radiostudiow.com.br\/site\/wp-json\/wp\/v2\/types\/post"}],"author":[{"embeddable":true,"href":"https:\/\/radiostudiow.com.br\/site\/wp-json\/wp\/v2\/users\/2"}],"replies":[{"embeddable":true,"href":"https:\/\/radiostudiow.com.br\/site\/wp-json\/wp\/v2\/comments?post=44836"}],"version-history":[{"count":1,"href":"https:\/\/radiostudiow.com.br\/site\/wp-json\/wp\/v2\/posts\/44836\/revisions"}],"predecessor-version":[{"id":44838,"href":"https:\/\/radiostudiow.com.br\/site\/wp-json\/wp\/v2\/posts\/44836\/revisions\/44838"}],"wp:featuredmedia":[{"embeddable":true,"href":"https:\/\/radiostudiow.com.br\/site\/wp-json\/wp\/v2\/media\/44837"}],"wp:attachment":[{"href":"https:\/\/radiostudiow.com.br\/site\/wp-json\/wp\/v2\/media?parent=44836"}],"wp:term":[{"taxonomy":"category","embeddable":true,"href":"https:\/\/radiostudiow.com.br\/site\/wp-json\/wp\/v2\/categories?post=44836"},{"taxonomy":"post_tag","embeddable":true,"href":"https:\/\/radiostudiow.com.br\/site\/wp-json\/wp\/v2\/tags?post=44836"}],"curies":[{"name":"wp","href":"https:\/\/api.w.org\/{rel}","templated":true}]}}