{"id":44839,"date":"2025-11-18T14:56:44","date_gmt":"2025-11-18T17:56:44","guid":{"rendered":"https:\/\/radiostudiow.com.br\/site\/?p=44839"},"modified":"2025-11-18T14:56:45","modified_gmt":"2025-11-18T17:56:45","slug":"acidente-envolvendo-duas-carretas-na-lapa-na-manha-desta-terca-feira-deixa-um-morto","status":"publish","type":"post","link":"https:\/\/radiostudiow.com.br\/site\/2025\/11\/18\/acidente-envolvendo-duas-carretas-na-lapa-na-manha-desta-terca-feira-deixa-um-morto\/","title":{"rendered":"Acidente envolvendo duas carretas na Lapa na manh\u00e3 desta ter\u00e7a-feira deixa um morto"},"content":{"rendered":"\n<figure class=\"wp-block-image size-full\"><img loading=\"lazy\" decoding=\"async\" width=\"897\" height=\"207\" src=\"https:\/\/radiostudiow.com.br\/site\/wp-content\/uploads\/2025\/07\/TIJOLAO.png\" alt=\"\" class=\"wp-image-40184\" srcset=\"https:\/\/radiostudiow.com.br\/site\/wp-content\/uploads\/2025\/07\/TIJOLAO.png 897w, https:\/\/radiostudiow.com.br\/site\/wp-content\/uploads\/2025\/07\/TIJOLAO-300x69.png 300w, https:\/\/radiostudiow.com.br\/site\/wp-content\/uploads\/2025\/07\/TIJOLAO-768x177.png 768w\" sizes=\"auto, (max-width: 897px) 100vw, 897px\" \/><\/figure>\n\n\n\n<p class=\"has-medium-font-size\"><strong>Um grave acidente ceifou a vida de um motorista na BR-476, em frente \u00e0 empresa JBS, no munic\u00edpio da Lapa na manh\u00e3 desta ter\u00e7a-feira (18) . A colis\u00e3o frontal envolveu duas carretas e resultou no bloqueio parcial da rodovia.<\/strong><\/p>\n\n\n\n<p>De acordo com as primeiras informa\u00e7\u00f5es levantadas no local, o sinistro ocorreu quando uma das carretas, que seguia no sentido S\u00e3o Mateus do Sul, perdeu o controle ap\u00f3s passar por uma lombada. O ve\u00edculo desgovernado fez um movimento conhecido como \u201cL\u201d na pista. Em seguida, invadiu a pista contr\u00e1ria e colidiu de frente com a outra carreta, que seguia no sentido Curitiba.<\/p>\n\n\n\n<figure class=\"wp-block-image size-full\"><img loading=\"lazy\" decoding=\"async\" width=\"897\" height=\"204\" src=\"https:\/\/radiostudiow.com.br\/site\/wp-content\/uploads\/2025\/05\/NUTRI-MALLET.png\" alt=\"\" class=\"wp-image-37813\" srcset=\"https:\/\/radiostudiow.com.br\/site\/wp-content\/uploads\/2025\/05\/NUTRI-MALLET.png 897w, https:\/\/radiostudiow.com.br\/site\/wp-content\/uploads\/2025\/05\/NUTRI-MALLET-300x68.png 300w, https:\/\/radiostudiow.com.br\/site\/wp-content\/uploads\/2025\/05\/NUTRI-MALLET-768x175.png 768w\" sizes=\"auto, (max-width: 897px) 100vw, 897px\" \/><\/figure>\n\n\n\n<p style=\"font-size:33px\"><strong>V\u00edtima Fatal<\/strong><\/p>\n\n\n\n<p>O condutor da carreta de cabine azul, que trafegava em dire\u00e7\u00e3o \u00e0 capital, n\u00e3o resistiu aos ferimentos grav\u00edssimos e teve o \u00f3bito confirmado no local da ocorr\u00eancia. Equipes de resgate, incluindo socorristas, foram acionadas imediatamente, mas apenas puderam constatar o falecimento da v\u00edtima.<\/p>\n\n\n\n<p>A Pol\u00edcia Rodovi\u00e1ria Federal (PRF) foi mobilizada para controlar o tr\u00e2nsito e iniciar a per\u00edcia que determinar\u00e1 as causas exatas do acidente. O corpo da v\u00edtima ser\u00e1 encaminhado ao Instituto M\u00e9dico Legal (IML) da regi\u00e3o.<\/p>\n\n\n\n<h2 class=\"wp-block-heading\">Informa\u00e7\u00e3o: RDX<\/h2>\n\n\n\n<figure class=\"wp-block-image size-full\"><img loading=\"lazy\" decoding=\"async\" width=\"598\" height=\"204\" src=\"https:\/\/radiostudiow.com.br\/site\/wp-content\/uploads\/2025\/04\/BOROX.png\" alt=\"\" class=\"wp-image-37229\" srcset=\"https:\/\/radiostudiow.com.br\/site\/wp-content\/uploads\/2025\/04\/BOROX.png 598w, https:\/\/radiostudiow.com.br\/site\/wp-content\/uploads\/2025\/04\/BOROX-300x102.png 300w\" sizes=\"auto, (max-width: 598px) 100vw, 598px\" \/><\/figure>\n","protected":false},"excerpt":{"rendered":"<p>Um grave acidente ceifou a vida de um motorista na BR-476, em frente \u00e0 empresa JBS, no munic\u00edpio da Lapa na manh\u00e3 desta ter\u00e7a-feira (18) . A colis\u00e3o frontal envolveu duas carretas e resultou no bloqueio parcial da rodovia. De acordo com as primeiras informa\u00e7\u00f5es levantadas no local, o sinistro ocorreu quando uma das carretas, [&hellip;]<\/p>\n","protected":false},"author":2,"featured_media":44840,"comment_status":"open","ping_status":"open","sticky":false,"template":"","format":"standard","meta":{"footnotes":""},"categories":[185],"tags":[172],"class_list":["post-44839","post","type-post","status-publish","format-standard","has-post-thumbnail","hentry","category-regional","tag-featured"],"amp_enabled":true,"_links":{"self":[{"href":"https:\/\/radiostudiow.com.br\/site\/wp-json\/wp\/v2\/posts\/44839","targetHints":{"allow":["GET"]}}],"collection":[{"href":"https:\/\/radiostudiow.com.br\/site\/wp-json\/wp\/v2\/posts"}],"about":[{"href":"https:\/\/radiostudiow.com.br\/site\/wp-json\/wp\/v2\/types\/post"}],"author":[{"embeddable":true,"href":"https:\/\/radiostudiow.com.br\/site\/wp-json\/wp\/v2\/users\/2"}],"replies":[{"embeddable":true,"href":"https:\/\/radiostudiow.com.br\/site\/wp-json\/wp\/v2\/comments?post=44839"}],"version-history":[{"count":1,"href":"https:\/\/radiostudiow.com.br\/site\/wp-json\/wp\/v2\/posts\/44839\/revisions"}],"predecessor-version":[{"id":44841,"href":"https:\/\/radiostudiow.com.br\/site\/wp-json\/wp\/v2\/posts\/44839\/revisions\/44841"}],"wp:featuredmedia":[{"embeddable":true,"href":"https:\/\/radiostudiow.com.br\/site\/wp-json\/wp\/v2\/media\/44840"}],"wp:attachment":[{"href":"https:\/\/radiostudiow.com.br\/site\/wp-json\/wp\/v2\/media?parent=44839"}],"wp:term":[{"taxonomy":"category","embeddable":true,"href":"https:\/\/radiostudiow.com.br\/site\/wp-json\/wp\/v2\/categories?post=44839"},{"taxonomy":"post_tag","embeddable":true,"href":"https:\/\/radiostudiow.com.br\/site\/wp-json\/wp\/v2\/tags?post=44839"}],"curies":[{"name":"wp","href":"https:\/\/api.w.org\/{rel}","templated":true}]}}