{"id":44847,"date":"2025-11-18T15:31:04","date_gmt":"2025-11-18T18:31:04","guid":{"rendered":"https:\/\/radiostudiow.com.br\/site\/?p=44847"},"modified":"2025-11-18T15:31:05","modified_gmt":"2025-11-18T18:31:05","slug":"idosa-de-75-anos-fica-ferida-apos-ser-atropelada-na-avenida-paula-freitas-em-uniao-da-vitoria","status":"publish","type":"post","link":"https:\/\/radiostudiow.com.br\/site\/2025\/11\/18\/idosa-de-75-anos-fica-ferida-apos-ser-atropelada-na-avenida-paula-freitas-em-uniao-da-vitoria\/","title":{"rendered":"Idosa de 75 anos fica ferida ap\u00f3s ser atropelada na Avenida Paula Freitas, em Uni\u00e3o da Vit\u00f3ria"},"content":{"rendered":"\n<figure class=\"wp-block-gallery has-nested-images columns-default is-cropped wp-block-gallery-1 is-layout-flex wp-block-gallery-is-layout-flex\">\n<figure class=\"wp-block-image size-large\"><img decoding=\"async\" data-id=\"44123\" src=\"https:\/\/radiostudiow.com.br\/site\/wp-content\/uploads\/2025\/10\/SUPREMA-BARBA.png\" alt=\"\" class=\"wp-image-44123\"\/><\/figure>\n\n\n\n<figure class=\"wp-block-image size-large\"><img loading=\"lazy\" decoding=\"async\" width=\"300\" height=\"180\" data-id=\"37219\" src=\"https:\/\/radiostudiow.com.br\/site\/wp-content\/uploads\/2025\/04\/AGRODU.png\" alt=\"\" class=\"wp-image-37219\"\/><\/figure>\n<\/figure>\n\n\n\n<p>Uma idosa de <strong>75 anos<\/strong> ficou ferida ap\u00f3s ser atropelada no in\u00edcio da tarde desta ter\u00e7a-feira (18), na Avenida Paula Freitas, em Uni\u00e3o da Vit\u00f3ria. O acidente mobilizou equipes de socorro e for\u00e7as de seguran\u00e7a.<\/p>\n\n\n\n<p>Segundo informa\u00e7\u00f5es do <strong>Corpo de Bombeiros<\/strong>, a v\u00edtima \u2014 identificada pelas iniciais <strong>A.H.<\/strong> \u2014 foi atingida por um autom\u00f3vel <strong>Renault Megane RXE 1.6<\/strong>, de cor bege. No momento do atendimento, ela apresentava <strong>ferimentos leves<\/strong>.<\/p>\n\n\n\n<p><\/p>\n\n\n\n<figure class=\"wp-block-image size-full\"><img loading=\"lazy\" decoding=\"async\" width=\"598\" height=\"204\" src=\"https:\/\/radiostudiow.com.br\/site\/wp-content\/uploads\/2025\/05\/POLAK.png\" alt=\"\" class=\"wp-image-37847\" srcset=\"https:\/\/radiostudiow.com.br\/site\/wp-content\/uploads\/2025\/05\/POLAK.png 598w, https:\/\/radiostudiow.com.br\/site\/wp-content\/uploads\/2025\/05\/POLAK-300x102.png 300w\" sizes=\"auto, (max-width: 598px) 100vw, 598px\" \/><\/figure>\n\n\n\n<p>Uma equipe do <strong>SAMU<\/strong> tamb\u00e9m chegou a ser acionada para prestar apoio, por\u00e9m n\u00e3o houve necessidade de interven\u00e7\u00e3o, j\u00e1 que os bombeiros assumiram o atendimento inicial.<\/p>\n\n\n\n<p>A <strong>Pol\u00edcia Militar do 27\u00ba Batalh\u00e3o<\/strong> esteve no local at\u00e9 a chegada da <strong>Pol\u00edcia Rodovi\u00e1ria Estadual (PRE)<\/strong>, respons\u00e1vel pelo trecho onde ocorreu o atropelamento.<\/p>\n\n\n\n<figure class=\"wp-block-image size-full\"><img loading=\"lazy\" decoding=\"async\" width=\"424\" height=\"275\" src=\"https:\/\/radiostudiow.com.br\/site\/wp-content\/uploads\/2025\/11\/WhatsApp-Image-2025-11-18-at-12.51.59.jpeg\" alt=\"\" class=\"wp-image-44848\" srcset=\"https:\/\/radiostudiow.com.br\/site\/wp-content\/uploads\/2025\/11\/WhatsApp-Image-2025-11-18-at-12.51.59.jpeg 424w, https:\/\/radiostudiow.com.br\/site\/wp-content\/uploads\/2025\/11\/WhatsApp-Image-2025-11-18-at-12.51.59-300x195.jpeg 300w\" sizes=\"auto, (max-width: 424px) 100vw, 424px\" \/><\/figure>\n\n\n\n<p>A idosa foi encaminhada para avalia\u00e7\u00e3o m\u00e9dica e passa por exames. As causas e circunst\u00e2ncias do acidente dever\u00e3o ser apuradas pelas autoridades competentes.<\/p>\n\n\n\n<p><em>Fonte: Assis o Rep\u00f3rter<\/em>\/VVale<\/p>\n\n\n\n<p><\/p>\n","protected":false},"excerpt":{"rendered":"<p>Uma idosa de 75 anos ficou ferida ap\u00f3s ser atropelada no in\u00edcio da tarde desta ter\u00e7a-feira (18), na Avenida Paula Freitas, em Uni\u00e3o da Vit\u00f3ria. O acidente mobilizou equipes de socorro e for\u00e7as de seguran\u00e7a. Segundo informa\u00e7\u00f5es do Corpo de Bombeiros, a v\u00edtima \u2014 identificada pelas iniciais A.H. \u2014 foi atingida por um autom\u00f3vel Renault [&hellip;]<\/p>\n","protected":false},"author":2,"featured_media":44849,"comment_status":"open","ping_status":"open","sticky":false,"template":"","format":"standard","meta":{"footnotes":""},"categories":[185],"tags":[172],"class_list":["post-44847","post","type-post","status-publish","format-standard","has-post-thumbnail","hentry","category-regional","tag-featured"],"amp_enabled":true,"_links":{"self":[{"href":"https:\/\/radiostudiow.com.br\/site\/wp-json\/wp\/v2\/posts\/44847","targetHints":{"allow":["GET"]}}],"collection":[{"href":"https:\/\/radiostudiow.com.br\/site\/wp-json\/wp\/v2\/posts"}],"about":[{"href":"https:\/\/radiostudiow.com.br\/site\/wp-json\/wp\/v2\/types\/post"}],"author":[{"embeddable":true,"href":"https:\/\/radiostudiow.com.br\/site\/wp-json\/wp\/v2\/users\/2"}],"replies":[{"embeddable":true,"href":"https:\/\/radiostudiow.com.br\/site\/wp-json\/wp\/v2\/comments?post=44847"}],"version-history":[{"count":1,"href":"https:\/\/radiostudiow.com.br\/site\/wp-json\/wp\/v2\/posts\/44847\/revisions"}],"predecessor-version":[{"id":44850,"href":"https:\/\/radiostudiow.com.br\/site\/wp-json\/wp\/v2\/posts\/44847\/revisions\/44850"}],"wp:featuredmedia":[{"embeddable":true,"href":"https:\/\/radiostudiow.com.br\/site\/wp-json\/wp\/v2\/media\/44849"}],"wp:attachment":[{"href":"https:\/\/radiostudiow.com.br\/site\/wp-json\/wp\/v2\/media?parent=44847"}],"wp:term":[{"taxonomy":"category","embeddable":true,"href":"https:\/\/radiostudiow.com.br\/site\/wp-json\/wp\/v2\/categories?post=44847"},{"taxonomy":"post_tag","embeddable":true,"href":"https:\/\/radiostudiow.com.br\/site\/wp-json\/wp\/v2\/tags?post=44847"}],"curies":[{"name":"wp","href":"https:\/\/api.w.org\/{rel}","templated":true}]}}