{"id":44851,"date":"2025-11-18T15:57:17","date_gmt":"2025-11-18T18:57:17","guid":{"rendered":"https:\/\/radiostudiow.com.br\/site\/?p=44851"},"modified":"2025-11-18T15:57:18","modified_gmt":"2025-11-18T18:57:18","slug":"terceiro-acidente-em-menos-de-24-horas-na-br-476-deixa-uma-vitima-fatal-entre-sao-mateus-do-sul-e-lapa","status":"publish","type":"post","link":"https:\/\/radiostudiow.com.br\/site\/2025\/11\/18\/terceiro-acidente-em-menos-de-24-horas-na-br-476-deixa-uma-vitima-fatal-entre-sao-mateus-do-sul-e-lapa\/","title":{"rendered":"Terceiro acidente em menos de 24 horas na BR-476 deixa uma v\u00edtima fatal entre S\u00e3o Mateus do Sul e Lapa"},"content":{"rendered":"\n<figure class=\"wp-block-image size-full\"><img loading=\"lazy\" decoding=\"async\" width=\"897\" height=\"204\" src=\"https:\/\/radiostudiow.com.br\/site\/wp-content\/uploads\/2025\/03\/BARAO-NOVO-NOTICIAS-1.jpg\" alt=\"\" class=\"wp-image-35084\" srcset=\"https:\/\/radiostudiow.com.br\/site\/wp-content\/uploads\/2025\/03\/BARAO-NOVO-NOTICIAS-1.jpg 897w, https:\/\/radiostudiow.com.br\/site\/wp-content\/uploads\/2025\/03\/BARAO-NOVO-NOTICIAS-1-300x68.jpg 300w, https:\/\/radiostudiow.com.br\/site\/wp-content\/uploads\/2025\/03\/BARAO-NOVO-NOTICIAS-1-768x175.jpg 768w\" sizes=\"auto, (max-width: 897px) 100vw, 897px\" \/><\/figure>\n\n\n\n<p>A BR-476 registrou mais um grave acidente na tarde desta ter\u00e7a-feira (18). Por volta das <strong>13h50<\/strong>, uma colis\u00e3o no <strong>km 242<\/strong>, trecho entre S\u00e3o Mateus do Sul e Lapa, mobilizou equipes de socorro e resultou em <strong>uma v\u00edtima fatal<\/strong>. Este foi o <strong>terceiro acidente na rodovia entre segunda e ter\u00e7a-feira<\/strong>, refor\u00e7ando o alerta para os motoristas que trafegam pela regi\u00e3o.<\/p>\n\n\n\n<p>De acordo com informa\u00e7\u00f5es atualizadas pelas equipes de S\u00e3o Mateus do Sul, a colis\u00e3o envolveu <strong>dois caminh\u00f5es<\/strong>. O condutor de um <strong>Ford Cargo de cor marrom<\/strong> sofreu ferimentos graves e <strong>n\u00e3o resistiu<\/strong>, morrendo ainda no local.<\/p>\n\n\n\n<figure class=\"wp-block-image size-full\"><img loading=\"lazy\" decoding=\"async\" width=\"897\" height=\"204\" src=\"https:\/\/radiostudiow.com.br\/site\/wp-content\/uploads\/2025\/02\/SITE-GRANDE7.png\" alt=\"\" class=\"wp-image-33861\" srcset=\"https:\/\/radiostudiow.com.br\/site\/wp-content\/uploads\/2025\/02\/SITE-GRANDE7.png 897w, https:\/\/radiostudiow.com.br\/site\/wp-content\/uploads\/2025\/02\/SITE-GRANDE7-300x68.png 300w, https:\/\/radiostudiow.com.br\/site\/wp-content\/uploads\/2025\/02\/SITE-GRANDE7-768x175.png 768w\" sizes=\"auto, (max-width: 897px) 100vw, 897px\" \/><\/figure>\n\n\n\n<figure class=\"wp-block-image size-large\"><img loading=\"lazy\" decoding=\"async\" width=\"1024\" height=\"443\" src=\"https:\/\/radiostudiow.com.br\/site\/wp-content\/uploads\/2025\/11\/585306861_1244646331033696_4043270906693905899_n-1024x443.jpg\" alt=\"\" class=\"wp-image-44853\" srcset=\"https:\/\/radiostudiow.com.br\/site\/wp-content\/uploads\/2025\/11\/585306861_1244646331033696_4043270906693905899_n-1024x443.jpg 1024w, https:\/\/radiostudiow.com.br\/site\/wp-content\/uploads\/2025\/11\/585306861_1244646331033696_4043270906693905899_n-300x130.jpg 300w, https:\/\/radiostudiow.com.br\/site\/wp-content\/uploads\/2025\/11\/585306861_1244646331033696_4043270906693905899_n-768x332.jpg 768w, https:\/\/radiostudiow.com.br\/site\/wp-content\/uploads\/2025\/11\/585306861_1244646331033696_4043270906693905899_n.jpg 1179w\" sizes=\"auto, (max-width: 1024px) 100vw, 1024px\" \/><\/figure>\n\n\n\n<p>Equipes do <strong>Corpo de Bombeiros<\/strong> e do <strong>SAMU<\/strong> realizaram o atendimento inicial. A <strong>Pol\u00edcia Rodovi\u00e1ria Federal (PRF)<\/strong>, que se desloca de General Carneiro, assumir\u00e1 a ocorr\u00eancia. O <strong>Instituto M\u00e9dico Legal (IML)<\/strong> e a <strong>Criminal\u00edstica<\/strong> tamb\u00e9m foram acionados para realizar os procedimentos de praxe.<\/p>\n\n\n\n<p>As causas do acidente ainda ser\u00e3o investigadas ap\u00f3s a chegada da PRF. Novas informa\u00e7\u00f5es devem ser divulgadas conforme o avan\u00e7o das apura\u00e7\u00f5es.<\/p>\n\n\n\n<h2 class=\"wp-block-heading\"><strong>FONTE: Portal Clic Sul News<\/strong><\/h2>\n\n\n\n<p><\/p>\n","protected":false},"excerpt":{"rendered":"<p>A BR-476 registrou mais um grave acidente na tarde desta ter\u00e7a-feira (18). Por volta das 13h50, uma colis\u00e3o no km 242, trecho entre S\u00e3o Mateus do Sul e Lapa, mobilizou equipes de socorro e resultou em uma v\u00edtima fatal. Este foi o terceiro acidente na rodovia entre segunda e ter\u00e7a-feira, refor\u00e7ando o alerta para os [&hellip;]<\/p>\n","protected":false},"author":2,"featured_media":44856,"comment_status":"open","ping_status":"open","sticky":false,"template":"","format":"standard","meta":{"footnotes":""},"categories":[185],"tags":[172],"class_list":["post-44851","post","type-post","status-publish","format-standard","has-post-thumbnail","hentry","category-regional","tag-featured"],"amp_enabled":true,"_links":{"self":[{"href":"https:\/\/radiostudiow.com.br\/site\/wp-json\/wp\/v2\/posts\/44851","targetHints":{"allow":["GET"]}}],"collection":[{"href":"https:\/\/radiostudiow.com.br\/site\/wp-json\/wp\/v2\/posts"}],"about":[{"href":"https:\/\/radiostudiow.com.br\/site\/wp-json\/wp\/v2\/types\/post"}],"author":[{"embeddable":true,"href":"https:\/\/radiostudiow.com.br\/site\/wp-json\/wp\/v2\/users\/2"}],"replies":[{"embeddable":true,"href":"https:\/\/radiostudiow.com.br\/site\/wp-json\/wp\/v2\/comments?post=44851"}],"version-history":[{"count":1,"href":"https:\/\/radiostudiow.com.br\/site\/wp-json\/wp\/v2\/posts\/44851\/revisions"}],"predecessor-version":[{"id":44854,"href":"https:\/\/radiostudiow.com.br\/site\/wp-json\/wp\/v2\/posts\/44851\/revisions\/44854"}],"wp:featuredmedia":[{"embeddable":true,"href":"https:\/\/radiostudiow.com.br\/site\/wp-json\/wp\/v2\/media\/44856"}],"wp:attachment":[{"href":"https:\/\/radiostudiow.com.br\/site\/wp-json\/wp\/v2\/media?parent=44851"}],"wp:term":[{"taxonomy":"category","embeddable":true,"href":"https:\/\/radiostudiow.com.br\/site\/wp-json\/wp\/v2\/categories?post=44851"},{"taxonomy":"post_tag","embeddable":true,"href":"https:\/\/radiostudiow.com.br\/site\/wp-json\/wp\/v2\/tags?post=44851"}],"curies":[{"name":"wp","href":"https:\/\/api.w.org\/{rel}","templated":true}]}}