{"id":44875,"date":"2025-11-19T13:16:05","date_gmt":"2025-11-19T16:16:05","guid":{"rendered":"https:\/\/radiostudiow.com.br\/site\/?p=44875"},"modified":"2025-11-19T13:16:50","modified_gmt":"2025-11-19T16:16:50","slug":"prf-participa-de-acoes-educativas-em-memoria-as-vitimas-de-acidentes-de-transito","status":"publish","type":"post","link":"https:\/\/radiostudiow.com.br\/site\/2025\/11\/19\/prf-participa-de-acoes-educativas-em-memoria-as-vitimas-de-acidentes-de-transito\/","title":{"rendered":"PRF participa de a\u00e7\u00f5es educativas em mem\u00f3ria \u00e0s v\u00edtimas de acidentes de tr\u00e2nsito"},"content":{"rendered":"\n<figure class=\"wp-block-gallery has-nested-images columns-default is-cropped wp-block-gallery-1 is-layout-flex wp-block-gallery-is-layout-flex\">\n<figure class=\"wp-block-image size-large\"><img loading=\"lazy\" decoding=\"async\" width=\"300\" height=\"180\" data-id=\"37219\" src=\"https:\/\/radiostudiow.com.br\/site\/wp-content\/uploads\/2025\/04\/AGRODU.png\" alt=\"\" class=\"wp-image-37219\"\/><\/figure>\n\n\n\n<figure class=\"wp-block-image size-large\"><img loading=\"lazy\" decoding=\"async\" width=\"300\" height=\"180\" data-id=\"38014\" src=\"https:\/\/radiostudiow.com.br\/site\/wp-content\/uploads\/2025\/05\/VANE.png\" alt=\"\" class=\"wp-image-38014\"\/><\/figure>\n<\/figure>\n\n\n\n<p>A\u00e7\u00f5es foram promovidas pela Secretaria Municipal de Defesa Social e Mobilidade de Guarapuava<\/p>\n\n\n\n<p>A Pol\u00edcia Rodovi\u00e1ria Federal (PRF) participou, nos dias 14 e 19 de novembro de 2025, de a\u00e7\u00f5es educativas promovidas pela Secretaria Municipal de Defesa Social e Mobilidade de Guarapuava, atuando de forma integrada em iniciativas voltadas \u00e0 conscientiza\u00e7\u00e3o e \u00e0 seguran\u00e7a vi\u00e1ria.<\/p>\n\n\n\n<p>A primeira a\u00e7\u00e3o teve car\u00e1ter simb\u00f3lico e educativo, em mem\u00f3ria \u00e0s v\u00edtimas de acidentes de tr\u00e2nsito, refor\u00e7ando a import\u00e2ncia da responsabilidade, da empatia e da prud\u00eancia nas vias.<\/p>\n\n\n\n<p>J\u00e1 a segunda a\u00e7\u00e3o marcou a abertura da Semana Municipal de Seguran\u00e7a no Tr\u00e2nsito, institu\u00edda por lei municipal. O objetivo foi ampliar a conscientiza\u00e7\u00e3o coletiva para a redu\u00e7\u00e3o da acidentes e para a valoriza\u00e7\u00e3o da vida.<\/p>\n\n\n\n<figure class=\"wp-block-image size-large\"><img loading=\"lazy\" decoding=\"async\" width=\"1024\" height=\"768\" src=\"https:\/\/radiostudiow.com.br\/site\/wp-content\/uploads\/2025\/11\/b3b1ff90-599b-4881-a49d-7e756d40cf34-1024x768.jpg\" alt=\"\" class=\"wp-image-44876\" srcset=\"https:\/\/radiostudiow.com.br\/site\/wp-content\/uploads\/2025\/11\/b3b1ff90-599b-4881-a49d-7e756d40cf34-1024x768.jpg 1024w, https:\/\/radiostudiow.com.br\/site\/wp-content\/uploads\/2025\/11\/b3b1ff90-599b-4881-a49d-7e756d40cf34-300x225.jpg 300w, https:\/\/radiostudiow.com.br\/site\/wp-content\/uploads\/2025\/11\/b3b1ff90-599b-4881-a49d-7e756d40cf34-768x576.jpg 768w, https:\/\/radiostudiow.com.br\/site\/wp-content\/uploads\/2025\/11\/b3b1ff90-599b-4881-a49d-7e756d40cf34.jpg 1280w\" sizes=\"auto, (max-width: 1024px) 100vw, 1024px\" \/><\/figure>\n\n\n\n<figure class=\"wp-block-image size-full\"><img loading=\"lazy\" decoding=\"async\" width=\"897\" height=\"204\" src=\"https:\/\/radiostudiow.com.br\/site\/wp-content\/uploads\/2025\/05\/NUTRI-MALLET.png\" alt=\"\" class=\"wp-image-37813\" srcset=\"https:\/\/radiostudiow.com.br\/site\/wp-content\/uploads\/2025\/05\/NUTRI-MALLET.png 897w, https:\/\/radiostudiow.com.br\/site\/wp-content\/uploads\/2025\/05\/NUTRI-MALLET-300x68.png 300w, https:\/\/radiostudiow.com.br\/site\/wp-content\/uploads\/2025\/05\/NUTRI-MALLET-768x175.png 768w\" sizes=\"auto, (max-width: 897px) 100vw, 897px\" \/><\/figure>\n\n\n\n<p>A programa\u00e7\u00e3o incluiu blitz educativa com entrega de panfletos, abordagens orientativas a condutores e a participa\u00e7\u00e3o conjunta de diversos \u00f3rg\u00e3os parceiros, como Pol\u00edcia Militar, Secretaria de Tr\u00e2nsito, Servi\u00e7o de Atendimento M\u00f3vel de Urg\u00eancia (SAMU) e PRF.<\/p>\n\n\n\n<h2 class=\"wp-block-heading\">Colabora\u00e7\u00e3o: Rep\u00f3rter Kiko de Oliveira<\/h2>\n\n\n\n<p><\/p>\n","protected":false},"excerpt":{"rendered":"<p>A\u00e7\u00f5es foram promovidas pela Secretaria Municipal de Defesa Social e Mobilidade de Guarapuava A Pol\u00edcia Rodovi\u00e1ria Federal (PRF) participou, nos dias 14 e 19 de novembro de 2025, de a\u00e7\u00f5es educativas promovidas pela Secretaria Municipal de Defesa Social e Mobilidade de Guarapuava, atuando de forma integrada em iniciativas voltadas \u00e0 conscientiza\u00e7\u00e3o e \u00e0 seguran\u00e7a vi\u00e1ria. [&hellip;]<\/p>\n","protected":false},"author":2,"featured_media":44878,"comment_status":"open","ping_status":"open","sticky":false,"template":"","format":"standard","meta":{"footnotes":""},"categories":[185],"tags":[172],"class_list":["post-44875","post","type-post","status-publish","format-standard","has-post-thumbnail","hentry","category-regional","tag-featured"],"amp_enabled":true,"_links":{"self":[{"href":"https:\/\/radiostudiow.com.br\/site\/wp-json\/wp\/v2\/posts\/44875","targetHints":{"allow":["GET"]}}],"collection":[{"href":"https:\/\/radiostudiow.com.br\/site\/wp-json\/wp\/v2\/posts"}],"about":[{"href":"https:\/\/radiostudiow.com.br\/site\/wp-json\/wp\/v2\/types\/post"}],"author":[{"embeddable":true,"href":"https:\/\/radiostudiow.com.br\/site\/wp-json\/wp\/v2\/users\/2"}],"replies":[{"embeddable":true,"href":"https:\/\/radiostudiow.com.br\/site\/wp-json\/wp\/v2\/comments?post=44875"}],"version-history":[{"count":1,"href":"https:\/\/radiostudiow.com.br\/site\/wp-json\/wp\/v2\/posts\/44875\/revisions"}],"predecessor-version":[{"id":44877,"href":"https:\/\/radiostudiow.com.br\/site\/wp-json\/wp\/v2\/posts\/44875\/revisions\/44877"}],"wp:featuredmedia":[{"embeddable":true,"href":"https:\/\/radiostudiow.com.br\/site\/wp-json\/wp\/v2\/media\/44878"}],"wp:attachment":[{"href":"https:\/\/radiostudiow.com.br\/site\/wp-json\/wp\/v2\/media?parent=44875"}],"wp:term":[{"taxonomy":"category","embeddable":true,"href":"https:\/\/radiostudiow.com.br\/site\/wp-json\/wp\/v2\/categories?post=44875"},{"taxonomy":"post_tag","embeddable":true,"href":"https:\/\/radiostudiow.com.br\/site\/wp-json\/wp\/v2\/tags?post=44875"}],"curies":[{"name":"wp","href":"https:\/\/api.w.org\/{rel}","templated":true}]}}