{"id":44879,"date":"2025-11-19T13:36:00","date_gmt":"2025-11-19T16:36:00","guid":{"rendered":"https:\/\/radiostudiow.com.br\/site\/?p=44879"},"modified":"2025-11-19T13:36:01","modified_gmt":"2025-11-19T16:36:01","slug":"homem-de-28-anos-fica-gravemente-ferido-apos-queda-de-arvore-em-prudentopolis","status":"publish","type":"post","link":"https:\/\/radiostudiow.com.br\/site\/2025\/11\/19\/homem-de-28-anos-fica-gravemente-ferido-apos-queda-de-arvore-em-prudentopolis\/","title":{"rendered":"HOMEM DE 28 ANOS FICA GRAVEMENTE FERIDO AP\u00d3S QUEDA DE \u00c1RVORE EM PRUDENT\u00d3POLIS"},"content":{"rendered":"\n<figure class=\"wp-block-image size-full\"><img loading=\"lazy\" decoding=\"async\" width=\"897\" height=\"204\" src=\"https:\/\/radiostudiow.com.br\/site\/wp-content\/uploads\/2025\/06\/BARROS.png\" alt=\"\" class=\"wp-image-39575\" srcset=\"https:\/\/radiostudiow.com.br\/site\/wp-content\/uploads\/2025\/06\/BARROS.png 897w, https:\/\/radiostudiow.com.br\/site\/wp-content\/uploads\/2025\/06\/BARROS-300x68.png 300w, https:\/\/radiostudiow.com.br\/site\/wp-content\/uploads\/2025\/06\/BARROS-768x175.png 768w\" sizes=\"auto, (max-width: 897px) 100vw, 897px\" \/><\/figure>\n\n\n\n<h2 class=\"wp-block-heading\">V\u00edtima foi resgatada de local de dif\u00edcil acesso e transportada por aeronave do SAMU<\/h2>\n\n\n\n<p>Na manh\u00e3 desta ter\u00e7a-feira dia <strong>18 de outubro<\/strong>, um homem de <strong>28 anos<\/strong> ficou gravemente ferido ap\u00f3s a queda de uma \u00e1rvore na localidade de <strong>Linha Mat\u00e3o<\/strong>, \u00e1rea rural de Prudent\u00f3polis. <\/p>\n\n\n\n<p>A ocorr\u00eancia foi registrada por volta das <strong>9h40<\/strong>, quando o Corpo de Bombeiros recebeu um chamado via 193 informando que a v\u00edtima apresentava fraturas nas pernas.<\/p>\n\n\n\n<p>Segundo as equipes de socorro, o local ficava a aproximadamente <strong>40 quil\u00f4metros<\/strong> do centro de Prudent\u00f3polis, em uma \u00e1rea de dif\u00edcil acesso. Ao chegarem, os bombeiros confirmaram que o homem havia sofrido <strong>fratura no membro inferior esquerdo (MIE)<\/strong> e <strong>luxa\u00e7\u00e3o no membro superior direito (MSD)<\/strong>, caracterizando <strong>c\u00f3digo 3<\/strong>, que indica ferimentos graves.<\/p>\n\n\n\n<figure class=\"wp-block-image size-full\"><img loading=\"lazy\" decoding=\"async\" width=\"319\" height=\"460\" src=\"https:\/\/radiostudiow.com.br\/site\/wp-content\/uploads\/2025\/11\/Sem-ti11111tulo.jpg\" alt=\"\" class=\"wp-image-44880\" srcset=\"https:\/\/radiostudiow.com.br\/site\/wp-content\/uploads\/2025\/11\/Sem-ti11111tulo.jpg 319w, https:\/\/radiostudiow.com.br\/site\/wp-content\/uploads\/2025\/11\/Sem-ti11111tulo-208x300.jpg 208w\" sizes=\"auto, (max-width: 319px) 100vw, 319px\" \/><\/figure>\n\n\n\n<p>A v\u00edtima recebeu as primeiras imobiliza\u00e7\u00f5es ainda no local. Devido \u00e0 dist\u00e2ncia e ao terreno acidentado, foi necess\u00e1rio transportar o homem <strong>cerca de 100 metros a p\u00e9<\/strong> at\u00e9 a \u00e1rea de apoio, onde acabava de chegar a equipe m\u00e9dica da <strong>aeronave do SAMU<\/strong>, acionada para dar suporte ao resgate.<\/p>\n\n\n\n<p>Ap\u00f3s estabiliza\u00e7\u00e3o da v\u00edtima, a equipe a\u00e9rea realizou o transporte at\u00e9 o <strong>Hospital Regional de Ponta Grossa<\/strong>, onde ele recebeu atendimento especializado.<\/p>\n\n\n\n<figure class=\"wp-block-image size-full\"><img loading=\"lazy\" decoding=\"async\" width=\"598\" height=\"204\" src=\"https:\/\/radiostudiow.com.br\/site\/wp-content\/uploads\/2024\/10\/labirati.png\" alt=\"\" class=\"wp-image-28854\" srcset=\"https:\/\/radiostudiow.com.br\/site\/wp-content\/uploads\/2024\/10\/labirati.png 598w, https:\/\/radiostudiow.com.br\/site\/wp-content\/uploads\/2024\/10\/labirati-300x102.png 300w\" sizes=\"auto, (max-width: 598px) 100vw, 598px\" \/><\/figure>\n\n\n\n<p>As circunst\u00e2ncias exatas da queda da \u00e1rvore n\u00e3o foram detalhadas, mas a r\u00e1pida atua\u00e7\u00e3o das equipes de emerg\u00eancia foi essencial para garantir o atendimento adequado em um cen\u00e1rio isolado e de dif\u00edcil deslocamento.<\/p>\n\n\n\n<h2 class=\"wp-block-heading\">Fonte: Rep\u00f3rter Kiko de Oliveira<\/h2>\n\n\n\n<p><\/p>\n","protected":false},"excerpt":{"rendered":"<p>V\u00edtima foi resgatada de local de dif\u00edcil acesso e transportada por aeronave do SAMU Na manh\u00e3 desta ter\u00e7a-feira dia 18 de outubro, um homem de 28 anos ficou gravemente ferido ap\u00f3s a queda de uma \u00e1rvore na localidade de Linha Mat\u00e3o, \u00e1rea rural de Prudent\u00f3polis. A ocorr\u00eancia foi registrada por volta das 9h40, quando o [&hellip;]<\/p>\n","protected":false},"author":2,"featured_media":44881,"comment_status":"open","ping_status":"open","sticky":false,"template":"","format":"standard","meta":{"footnotes":""},"categories":[185],"tags":[172],"class_list":["post-44879","post","type-post","status-publish","format-standard","has-post-thumbnail","hentry","category-regional","tag-featured"],"amp_enabled":true,"_links":{"self":[{"href":"https:\/\/radiostudiow.com.br\/site\/wp-json\/wp\/v2\/posts\/44879","targetHints":{"allow":["GET"]}}],"collection":[{"href":"https:\/\/radiostudiow.com.br\/site\/wp-json\/wp\/v2\/posts"}],"about":[{"href":"https:\/\/radiostudiow.com.br\/site\/wp-json\/wp\/v2\/types\/post"}],"author":[{"embeddable":true,"href":"https:\/\/radiostudiow.com.br\/site\/wp-json\/wp\/v2\/users\/2"}],"replies":[{"embeddable":true,"href":"https:\/\/radiostudiow.com.br\/site\/wp-json\/wp\/v2\/comments?post=44879"}],"version-history":[{"count":1,"href":"https:\/\/radiostudiow.com.br\/site\/wp-json\/wp\/v2\/posts\/44879\/revisions"}],"predecessor-version":[{"id":44882,"href":"https:\/\/radiostudiow.com.br\/site\/wp-json\/wp\/v2\/posts\/44879\/revisions\/44882"}],"wp:featuredmedia":[{"embeddable":true,"href":"https:\/\/radiostudiow.com.br\/site\/wp-json\/wp\/v2\/media\/44881"}],"wp:attachment":[{"href":"https:\/\/radiostudiow.com.br\/site\/wp-json\/wp\/v2\/media?parent=44879"}],"wp:term":[{"taxonomy":"category","embeddable":true,"href":"https:\/\/radiostudiow.com.br\/site\/wp-json\/wp\/v2\/categories?post=44879"},{"taxonomy":"post_tag","embeddable":true,"href":"https:\/\/radiostudiow.com.br\/site\/wp-json\/wp\/v2\/tags?post=44879"}],"curies":[{"name":"wp","href":"https:\/\/api.w.org\/{rel}","templated":true}]}}